{"id":9973,"date":"2012-03-08T13:10:31","date_gmt":"2012-03-08T12:10:31","guid":{"rendered":"https:\/\/sserver1.local\/pab-94-08\/"},"modified":"2024-01-10T07:57:12","modified_gmt":"2024-01-10T06:57:12","slug":"pab-94-08","status":"publish","type":"post","link":"https:\/\/www.tribulab.cat\/es\/pab-94-08\/","title":{"rendered":"PAB 94\/08"},"content":{"rendered":"<p style=\"text-align: justify;\">\u00a0LAUDO ARBITRAL<\/p>\n<p style=\"text-align: justify;\">\n<p style=\"text-align: justify;\">\n<p style=\"text-align: justify;\">DICTADO\u00a0 POR LA DELEGACI\u00d3N DE BARCELONA DEL TRIBUNAL LABORAL DE CATALUNYA, COMPUESTA POR LOS SIGUIENTES MIEMBROS: DO\u00d1A ENRIQUETA DELGADO BASTIA, PRESIDENTA; DON MIQUEL PORRET GELABERT, DON JOAQU\u00cdN JUAN PE\u00d1A Y DON JES\u00daS GARC\u00cdA ACOSTA, VOCALES EN EL EXPEDIENTE PAB 94\/2008 \u2013C\u2026, S.A.-, EL D\u00cdA 28 DE FEBRERO DE 2008.<\/p>\n<p style=\"text-align: justify;\">\n<p style=\"text-align: justify;\">ANTECEDENTES DE HECHO<\/p>\n<p style=\"text-align: justify;\">\n<p style=\"text-align: justify;\">PRIMERO:.- El d\u00eda 28 de enero de 2008, el Comit\u00e9 de Empresa de C\u2026, S.A. present\u00f3 Escrito Introductorio al tr\u00e1mite de Conciliaci\u00f3n ante este Tribunal Laboral de Catalunya, que fue registrado con el n\u00famero PCB 70\/2008.<\/p>\n<p style=\"text-align: justify;\">\n<p style=\"text-align: justify;\">SEGUNDO:.- El tema sometido a conciliaci\u00f3n, seg\u00fan consta en el escrito introductoria, es el siguiente:<\/p>\n<p style=\"text-align: justify;\">\n<p style=\"text-align: justify;\">1.- Origen y desarrollo:<\/p>\n<p style=\"text-align: justify;\">\n<p style=\"text-align: justify;\">La empresa ha realizado revisiones de m\u00e9todos y tiempos implantando cronometrajes que el comit\u00e9, despu\u00e9s de proceder a estudiar, comprueba que son tiempos del todo inasumibles por los trabajadores.<\/p>\n<p style=\"text-align: justify;\">\n<p style=\"text-align: justify;\">El estudio de tiempos en conflicto es el que se ha realizado en la ref. S22 IVOIRE AF 20002 con n\u00fam. de crono 38.<\/p>\n<p style=\"text-align: justify;\">\n<p style=\"text-align: justify;\">Tambi\u00e9n se observa que, en general y bajo el criterio del comit\u00e9, los coeficientes de descanso aplicados por la empresa, no son los correctos.<\/p>\n<p style=\"text-align: justify;\">\n<p style=\"text-align: justify;\">2.- Objeto y pretensi\u00f3n:<\/p>\n<p style=\"text-align: justify;\">\n<p style=\"text-align: justify;\">Que un t\u00e9cnico de m\u00e9todos y tiempos de este Tribunal Laboral, confeccione un estudio de dicha referencia y de los tiempos de descanso.<\/p>\n<p style=\"text-align: justify;\">\n<p style=\"text-align: justify;\">TERCERO:.- Debidamente citadas las partes, la Conciliaci\u00f3n del Tribunal Laboral de Catalunya se llev\u00f3 a cabo el d\u00eda 4 de febrero de 2008, la cual se dio por finalizada con el resultado de ACUERDO, en los siguientes t\u00e9rminos:<\/p>\n<p style=\"text-align: justify;\">\n<p style=\"text-align: justify;\">PRIMERO:.-Ambas partes se someten expresamente al tr\u00e1mite de arbitraje previsto en los art\u00edculos 17 y 18 del Reglamento de Funcionamiento del Tribunal Laboral de Catalunya, y a tales efectos nombran por unanimidad a la propia Delegaci\u00f3n de Barcelona del Tribunal Laboral de Catalunya<em> <\/em>que ha conocido del procedimiento de Conciliaci\u00f3n.<\/p>\n<p style=\"text-align: justify;\">\n<p style=\"text-align: justify;\">SEGUNDO:.-La cuesti\u00f3n a dirimir que es objeto del arbitraje al que se someten ambas representaciones se concreta en lo siguiente:<\/p>\n<p style=\"text-align: justify;\">\n<p style=\"text-align: justify;\">Determinar la producci\u00f3n a actividad normal y \u00f3ptima de la referencia S22 IVOIRE AF 20002 con n\u00fam de crono 38, en atenci\u00f3n al m\u00e9todo de trabajo que se est\u00e1 aplicando actualmente.<\/p>\n<p style=\"text-align: justify;\">\n<p style=\"text-align: justify;\">Asimismo, deber\u00e1n determinarse y concretarse los coeficientes de descanso que correspondan.<\/p>\n<p style=\"text-align: justify;\">\n<p style=\"text-align: justify;\">TERCERO:.-El arbitraje al que se someten ambas representaciones tiene calidad de arbitraje de derecho.<\/p>\n<p style=\"text-align: justify;\">\n<p style=\"text-align: justify;\">CUARTO:.-Con la firma de la presente Acta de Conciliaci\u00f3n que refleja el acuerdo entre las partes, se da por formalizado el Convenio Arbitral.<\/p>\n<p style=\"text-align: justify;\">\n<p style=\"text-align: justify;\">QUINTO:.- Con el presente acto de conciliaci\u00f3n se da cumplimiento al tr\u00e1mite de Audiencia previsto en el Reglamento de Funcionamiento del Tribunal Laboral de Catalunya.<\/p>\n<p style=\"text-align: justify;\">\n<p style=\"text-align: justify;\">SEXTO:.-La Delegaci\u00f3n de Barcelona del Tribunal Laboral de Catalunya solicitar\u00e1, en funci\u00f3n de las competencias asignadas por el Reglamento de Funcionamiento, informe pericial a la Comisi\u00f3n T\u00e9cnica de Organizaci\u00f3n del Trabajo del propio Tribunal, que tendr\u00e1 la consideraci\u00f3n de documento interno para uso exclusivo de los miembros de la propia Delegaci\u00f3n, no formando parte, por tanto del presente expediente.<\/p>\n<p style=\"text-align: justify;\">\n<p style=\"text-align: justify;\">La Delegaci\u00f3n de Barcelona del Tribunal Laboral de Catalunya comunica a ambas representaciones que los miembros de la Comisi\u00f3n T\u00e9cnica de Organizaci\u00f3n del Trabajo designados para confeccionar el citado informe ser\u00e1n los Srs. Llu\u00eds Gabarr\u00f3 Colillas y Mart\u00edn Ribas S\u00e1nchez.<\/p>\n<p style=\"text-align: justify;\">\n<p style=\"text-align: justify;\">Ambas partes disponen del plazo de 24 horas a partir de la fecha de hoy, para comunicar por escrito a este Tribunal la existencia de alguna posible incompatibilidad, en su caso debidamente fundada, de los t\u00e9cnicos designados.<\/p>\n<p style=\"text-align: justify;\">\n<p style=\"text-align: justify;\">La intervenci\u00f3n de los t\u00e9cnicos que componen la mencionada Comisi\u00f3n se ajustar\u00e1 a los par\u00e1metros l\u00f3gicos que deben configurar un informe pericial, sin que sea factible, por tanto, la realizaci\u00f3n de estudios de medici\u00f3n que representen una utilizaci\u00f3n del citado servicio en t\u00e9rminos superiores a los establecidos, es por esto, que \u00fanicamente podr\u00e1n realizar su dictamen\u00a0 t\u00e9cnico dentro de los l\u00edmites presupuestarios establecidos al respecto por el Patronato de la Fundaci\u00f3n Tribunal Laboral de Catalunya.<\/p>\n<p style=\"text-align: justify;\">\n<p style=\"text-align: justify;\">SEPTIMO:.-Ambas representaciones dejan constancia expresa de que el Laudo Arbitral que se dicte como consecuencia del arbitraje al que se someten voluntaria y expresamente, tendr\u00e1 efectos vinculantes de acuerdo con la legislaci\u00f3n vigente, comprometi\u00e9ndose a estar y pasar por lo que en \u00e9l se establezca.<\/p>\n<p style=\"text-align: justify;\">\n<p style=\"text-align: justify;\">FUNDAMENTOS JUR\u00cdDICOS<\/p>\n<p style=\"text-align: justify;\">\n<p style=\"text-align: justify;\">\n<p style=\"text-align: justify;\">I) El Tribunal Laboral de Catalunya es competente para conocer y resolver el presente procedimiento arbitral, a tenor de lo previsto en el Acuerdo Interprofesional de Catalunya de 7 de noviembre de 1990, en el Reglamento de Funcionamiento del propio Tribunal y al amparo de lo establecido en los art\u00edculos 63 y 153 de la vigente Ley de Procedimiento Laboral.<\/p>\n<p style=\"text-align: justify;\">\n<p style=\"text-align: justify;\">II) A tenor de lo previsto en el punto 8\u00ba del art\u00edculo 18 del Reglamento de Funcionamiento del Tribunal Laboral de Catalunya, \u00e9ste solicit\u00f3 a la Comisi\u00f3n T\u00e9cnica de Organizaci\u00f3n del Trabajo del mismo, informe pericial sobre la controversia planteada.<\/p>\n<p style=\"text-align: justify;\">\n<p style=\"text-align: justify;\">III) La Comisi\u00f3n T\u00e9cnica de Organizaci\u00f3n del Trabajo del Tribunal Laboral de Catalunya <em>(para este expediente Srs. Llu\u00eds Gabarr\u00f3 Colillas y Mart\u00edn Ribas S\u00e1nchez) <\/em>se person\u00f3 en la Empresa el d\u00eda 22 de febrero de 2008, fecha en la que se realiz\u00f3 la toma de datos de la referencia objeto de estudio.<\/p>\n<p style=\"text-align: justify;\">\n<p style=\"text-align: justify;\">Por todo cuanto antecede, se dicta el siguiente:<\/p>\n<p style=\"text-align: justify;\">\n<h5 style=\"text-align: justify;\">LAUDO ARBITRAL<\/h5>\n<p style=\"text-align: justify;\">\n<p style=\"text-align: justify;\">La producci\u00f3n a actividad normal y \u00f3ptima de la referencia S22 IVOIRE AF 20002 con n\u00fam. de crono 38, es la que se detalla en el siguiente cuadro:<\/p>\n<p style=\"text-align: justify;\">\n<table width=\"600\" border=\"1\" cellspacing=\"0\" cellpadding=\"0\">\n<tbody>\n<tr>\n<td rowspan=\"2\" width=\"216\">Referencia<\/td>\n<td colspan=\"2\" width=\"384\">&nbsp;<\/p>\n<p>Producci\u00f3n Horaria<\/p>\n<p>&nbsp;<\/td>\n<\/tr>\n<tr>\n<td width=\"192\">Actividad Normal<\/td>\n<td width=\"192\">Actividad \u00d3ptima<\/td>\n<\/tr>\n<tr>\n<td width=\"216\">S22 IVOIRE AF 20002 con n\u00fam. de crono 38<\/td>\n<td width=\"192\">17,52<\/td>\n<td width=\"192\">23,30<\/td>\n<\/tr>\n<\/tbody>\n<\/table>\n<p style=\"text-align: justify;\">\n<p style=\"text-align: justify;\">\n<p style=\"text-align: justify;\">Asimismo, el coeficiente medio de descanso aplicado es de un 13%.<\/p>\n<p style=\"text-align: justify;\">\n<p style=\"text-align: justify;\">El Laudo \u00fanicamente podr\u00e1 recurrirse ante los tribunales competentes por cuestiones relacionadas con el procedimiento (falta de citaci\u00f3n o de audiencia), aspectos formales de la resoluci\u00f3n arbitral (incongruencia) o vulneraci\u00f3n de los derechos fundamentales o del principio de norma m\u00ednima.<\/p>\n<p style=\"text-align: justify;\">\n<p style=\"text-align: justify;\">En el plazo de siete d\u00edas h\u00e1biles a contar desde la notificaci\u00f3n del laudo, cualquiera de las partes podr\u00e1 solicitar del \u00e1rbitro o\u00a0 \u00e1rbitros, la aclaraci\u00f3n de alguno de los puntos de aqu\u00e9l, que tendr\u00e1 que facilitarse en el plazo m\u00e1ximo de 10 d\u00edas h\u00e1biles.<\/p>\n<p style=\"text-align: justify;\">\n<p style=\"text-align: justify;\">El tr\u00e1mite de aclaraci\u00f3n faculta a cualquiera de las partes a solicitar del \u00e1rbitro o \u00e1rbitros, \u00fanica y exclusivamente, la adecuada matizaci\u00f3n o esclarecimiento de alguno de los puntos contenidos en el laudo, sin que, en ning\u00fan caso, tal facultad pueda ser utilizada para rebatir los posicionamientos reflejados en la resoluci\u00f3n arbitral.<\/p>\n<p style=\"text-align: justify;\">\n<table width=\"610\" border=\"0\" cellspacing=\"0\" cellpadding=\"0\">\n<tbody>\n<tr>\n<td valign=\"top\" width=\"310\">&nbsp;<\/p>\n<p>&nbsp;<\/p>\n<p>&nbsp;<\/p>\n<p>&nbsp;<\/td>\n<td valign=\"top\" width=\"300\">&nbsp;<\/td>\n<\/tr>\n<tr>\n<td width=\"310\">Enriqueta Delgado Bastia<\/td>\n<td width=\"300\">Miquel Porret Gelabert<\/td>\n<\/tr>\n<tr>\n<td valign=\"top\" width=\"310\">&nbsp;<\/td>\n<td valign=\"top\" width=\"300\">&nbsp;<\/td>\n<\/tr>\n<tr>\n<td width=\"310\">Jes\u00fas Garc\u00eda Acosta<\/td>\n<td width=\"300\">Joaqu\u00edn Juan Pe\u00f1a<\/td>\n<\/tr>\n<\/tbody>\n<\/table>\n<p style=\"text-align: justify;\">\n<p style=\"text-align: justify;\">\n<p style=\"text-align: justify;\">\n<p style=\"text-align: justify;\">\n<p style=\"text-align: justify;\">\n<p style=\"text-align: justify;\">\n","protected":false},"excerpt":{"rendered":"<p>\u00a0LAUDO ARBITRAL DICTADO\u00a0 POR LA DELEGACI\u00d3N DE BARCELONA DEL TRIBUNAL LABORAL DE CATALUNYA, COMPUESTA POR LOS SIGUIENTES MIEMBROS: DO\u00d1A ENRIQUETA DELGADO BASTIA, PRESIDENTA; DON MIQUEL PORRET GELABERT, DON JOAQU\u00cdN JUAN PE\u00d1A Y DON JES\u00daS GARC\u00cdA ACOSTA, VOCALES EN EL EXPEDIENTE PAB 94\/2008 \u2013C\u2026, S.A.-, EL D\u00cdA 28 DE FEBRERO DE 2008. ANTECEDENTES DE HECHO PRIMERO:.-&hellip;<\/p>\n","protected":false},"author":2,"featured_media":0,"comment_status":"closed","ping_status":"closed","sticky":false,"template":"","format":"standard","meta":{"footnotes":""},"categories":[558,650,679],"tags":[],"class_list":["post-9973","post","type-post","status-publish","format-standard","hentry","category-2008-es","category-metodos-y-tiempos","category-produccion-a-actividad-normal","category-558","category-650","category-679","description-off"],"_links":{"self":[{"href":"https:\/\/www.tribulab.cat\/es\/wp-json\/wp\/v2\/posts\/9973","targetHints":{"allow":["GET"]}}],"collection":[{"href":"https:\/\/www.tribulab.cat\/es\/wp-json\/wp\/v2\/posts"}],"about":[{"href":"https:\/\/www.tribulab.cat\/es\/wp-json\/wp\/v2\/types\/post"}],"author":[{"embeddable":true,"href":"https:\/\/www.tribulab.cat\/es\/wp-json\/wp\/v2\/users\/2"}],"replies":[{"embeddable":true,"href":"https:\/\/www.tribulab.cat\/es\/wp-json\/wp\/v2\/comments?post=9973"}],"version-history":[{"count":0,"href":"https:\/\/www.tribulab.cat\/es\/wp-json\/wp\/v2\/posts\/9973\/revisions"}],"wp:attachment":[{"href":"https:\/\/www.tribulab.cat\/es\/wp-json\/wp\/v2\/media?parent=9973"}],"wp:term":[{"taxonomy":"category","embeddable":true,"href":"https:\/\/www.tribulab.cat\/es\/wp-json\/wp\/v2\/categories?post=9973"},{"taxonomy":"post_tag","embeddable":true,"href":"https:\/\/www.tribulab.cat\/es\/wp-json\/wp\/v2\/tags?post=9973"}],"curies":[{"name":"wp","href":"https:\/\/api.w.org\/{rel}","templated":true}]}}