{"id":9958,"date":"2012-03-08T12:30:52","date_gmt":"2012-03-08T11:30:52","guid":{"rendered":"https:\/\/sserver1.local\/pab-465-09\/"},"modified":"2024-01-10T07:57:16","modified_gmt":"2024-01-10T06:57:16","slug":"pab-465-09","status":"publish","type":"post","link":"https:\/\/www.tribulab.cat\/es\/pab-465-09\/","title":{"rendered":"PAB 465\/09"},"content":{"rendered":"<p style=\"text-align: justify;\">\u00a0<strong>LAUDO ARBITRAL<\/strong><\/p>\n<p style=\"text-align: justify;\"><strong><br \/>\n<\/strong><\/p>\n<p style=\"text-align: justify;\"><strong>DICTADO\u00a0 POR LA DELEGACI\u00d3N DE BARCELONA DEL TRIBUNAL LABORAL DE CATALUNYA, COMPUESTA POR LOS SIGUIENTES MIEMBROS: DON RAFAEL MART\u00cdNEZ ROMERO, PRESIDENTE, DON\u00a0 MANUEL HERN\u00c1NDEZ GRI\u00d1AN, D. FERNANDO ALBISU CODINA Y DO\u00d1A CARMEN SIMARRO L\u00d3PEZ, VOCALES EN EL EXPEDIENTE PAB 465\/2009 \u2013A. R. A.- EL D\u00cdA 31 DE JULIO DE 2009.<\/strong><\/p>\n<p style=\"text-align: justify;\"><strong>\u00a0\u00a0\u00a0\u00a0\u00a0\u00a0\u00a0\u00a0\u00a0\u00a0\u00a0\u00a0\u00a0\u00a0\u00a0\u00a0\u00a0\u00a0 <\/strong><\/p>\n<p style=\"text-align: justify;\"><strong>ANTECEDENTES DE HECHO<\/strong><\/p>\n<p style=\"text-align: justify;\" align=\"left\">\n<p style=\"text-align: justify;\"><strong>PRIMERO:\u00a0 <\/strong>El d\u00eda 7 de mayo de 2009, la Sra. J. G. G.\u00a0 en calidad de Miembro del Comit\u00e9 de Empresa de la empresa A. R. A., presento Escrito Introductorio al tr\u00e1mite de Conciliaci\u00f3n ante el Tribunal Laboral de Catalunya, que fue registrado con el n\u00famero PCB 320\/2009.<\/p>\n<p style=\"text-align: justify;\">\n<p style=\"text-align: justify;\"><strong>SEGUNDO: <\/strong>\u00a0El tema sometido a Conciliaci\u00f3n, tal y como se concreta en el escrito introductorio es el siguiente:<\/p>\n<p style=\"text-align: justify;\">\n<p style=\"text-align: justify;\"><strong>1.- Origen y desarrollo:<\/strong><\/p>\n<p style=\"text-align: justify;\"><strong>\u00a0<\/strong><\/p>\n<p style=\"text-align: justify;\">Las trabajadoras del colectivo de la limpieza ven\u00edan realizando un horario de trabajo de las 06 a las 14,15 horas cada d\u00eda.<\/p>\n<p style=\"text-align: justify;\">\n<p style=\"text-align: justify;\">La Direcci\u00f3n de la Empresa plantea por causas organizativas\u00a0 redistribuir la jornada de trabajo del colectivo de limpieza. Tras varias propuestas de la Direcci\u00f3n y el Comit\u00e9 de Empresa, se acuerda, reducir el horario de trabajo diario. Quedando distribuido de la siguiente manera:<\/p>\n<p style=\"text-align: justify;\">\n<p style=\"text-align: justify;\">&#8211; de 7:30 a 14:30 horas.<\/p>\n<p style=\"text-align: justify;\">\n<p style=\"text-align: justify;\">Cuando la Direcci\u00f3n de la Empresa notifica las tareas a realizar con el nuevo horario, encontramos un aumento de las mismas, ya que con menos horas realizamos las mismas tareas m\u00e1s el fondo de una habitaci\u00f3n y el office, pero es un ahora y cuarto menos de trabajo, por tanto consideramos que existe un aumento en las cargas de trabajo.<\/p>\n<p style=\"text-align: justify;\">\n<p style=\"text-align: justify;\"><strong>2.- Objeto y pretensi\u00f3n:<\/strong><\/p>\n<p style=\"text-align: justify;\"><strong>\u00a0<\/strong><\/p>\n<p style=\"text-align: justify;\">Por todo lo expuesto, entendemos que hay un exceso de cargas de trabajo para el colectivo afectado y, solicitamos que se persone en el centro de trabajo un T\u00e9cnico en Prevenci\u00f3n de Riesgos Laborales para que pueda evaluar la existencia del aumento en las cargas de trabajo en los dos turnos de trabajo afectados.<\/p>\n<p style=\"text-align: justify;\">\n<p style=\"text-align: justify;\"><strong>TERCERO: <\/strong>Debidamente citadas las partes, el Acto de Conciliaci\u00f3n del Tribunal Laboral de Catalunya se llev\u00f3 a cabo el d\u00eda 25 de junio de 2009, d\u00e1ndose por finalizada con el resultado de ACUERDO, en los siguientes t\u00e9rminos:<\/p>\n<p style=\"text-align: justify;\">\n<p style=\"text-align: justify;\">1\u00ba.-Ambas partes se someten expresamente al tr\u00e1mite de arbitraje previsto en los art\u00edculos 17 y 18 del Reglamento de Funcionamiento del Tribunal Laboral de Catalunya, y a tales efectos nombran por unanimidad a la propia <em>Delegaci\u00f3n de Barcelona del Tribunal Laboral de Catalunya <\/em>que ha conocido del procedimiento de Conciliaci\u00f3n.<\/p>\n<p style=\"text-align: justify;\">\n<p style=\"text-align: justify;\">2\u00ba.-La cuesti\u00f3n a dirimir que es objeto del arbitraje al que se someten ambas representaciones se concreta en lo siguiente:<\/p>\n<p style=\"text-align: justify;\">\n<p style=\"text-align: justify;\"><strong>Determinar el \u00edndice de saturaci\u00f3n del colectivo de limpieza despu\u00e9s de la modificaci\u00f3n horaria implantada por la empresa.<\/strong><\/p>\n<p style=\"text-align: justify;\">3\u00ba.-El arbitraje al que se someten ambas representaciones tiene calidad de arbitraje de derecho.<\/p>\n<p style=\"text-align: justify;\">\n<p style=\"text-align: justify;\">4\u00ba.-Con la firma de la presente Acta de Conciliaci\u00f3n que refleja el acuerdo entre las partes, se da por formalizado el Convenio Arbitral.<\/p>\n<p style=\"text-align: justify;\">\n<p style=\"text-align: justify;\">5\u00ba.-Con el presente acto de conciliaci\u00f3n se da cumplimiento al tr\u00e1mite de Audiencia previsto en el Reglamento de Funcionamiento del Tribunal Laboral de Catalunya.<\/p>\n<p style=\"text-align: justify;\">\n<p style=\"text-align: justify;\">6\u00ba.-La <em>Delegaci\u00f3n de Barcelona del Tribunal Laboral de Catalunya<\/em> solicitar\u00e1, en funci\u00f3n de las competencias asignadas por el Reglamento de Funcionamiento, informe pericial a la Comisi\u00f3n T\u00e9cnica de Organizaci\u00f3n del Trabajo del propio Tribunal, que tendr\u00e1 la consideraci\u00f3n de documento interno para uso exclusivo de los miembros de la propia Delegaci\u00f3n, no formando parte, por tanto del presente expediente.<\/p>\n<p style=\"text-align: justify;\">\n<p style=\"text-align: justify;\">La <em>Delegaci\u00f3n de Barcelona del Tribunal Laboral de Catalunya<\/em> comunica a ambas representaciones que los miembros de la Comisi\u00f3n T\u00e9cnica de Organizaci\u00f3n del Trabajo designados para confeccionar el citado informe ser\u00e1n los Srs. Josep Busquest i Gubau y Leopold Codorniu Junque.<\/p>\n<p style=\"text-align: justify;\">\n<p style=\"text-align: justify;\">Ambas partes disponen del plazo de 24 horas a partir de la fecha de hoy, para comunicar por escrito a este Tribunal la existencia de alguna posible incompatibilidad, en su caso debidamente fundada, de los t\u00e9cnicos designados.<\/p>\n<p style=\"text-align: justify;\">\n<p style=\"text-align: justify;\">La intervenci\u00f3n de los t\u00e9cnicos que componen la mencionada Comisi\u00f3n se ajustar\u00e1 a los par\u00e1metros l\u00f3gicos que deben configurar un informe pericial, sin que sea factible, por tanto, la realizaci\u00f3n de estudios de medici\u00f3n que representen una utilizaci\u00f3n del citado servicio en t\u00e9rminos superiores a los establecidos, es por esto, que \u00fanicamente podr\u00e1n realizar su dictamen\u00a0 t\u00e9cnico dentro de los l\u00edmites presupuestarios establecidos al respecto por el Patronato de la Fundaci\u00f3n Tribunal Laboral de Catalunya.<\/p>\n<p style=\"text-align: justify;\">\n<p style=\"text-align: justify;\">7\u00ba.-Ambas representaciones dejan constancia expresa de que el Laudo Arbitral que se dicte como consecuencia del arbitraje al que se someten voluntaria y expresamente, tendr\u00e1 efectos vinculantes de acuerdo con la legislaci\u00f3n vigente, comprometi\u00e9ndose a estar y pasar por lo que en \u00e9l se establezca.<\/p>\n<p style=\"text-align: justify;\">\n<p style=\"text-align: justify;\"><strong>FUNDAMENTOS JUR\u00cdDICOS<\/strong><\/p>\n<p style=\"text-align: justify;\"><strong>\u00a0<\/strong><\/p>\n<p style=\"text-align: justify;\"><strong>I) <\/strong>El Tribunal Laboral de Catalunya es competente para conocer y resolver el presente procedimiento arbitral, a tenor de lo previsto en el Acuerdo Interprofesional de Catalunya de 7 de noviembre de 1990, en el Reglamento de Funcionamiento del propio Tribunal y al amparo de lo establecido en los art\u00edculos 63 y 153 de la vigente Ley de Procedimiento Laboral.<\/p>\n<p style=\"text-align: justify;\">\n<p style=\"text-align: justify;\"><strong>II)<\/strong> A tenor de lo previsto en el punto 8\u00ba del art\u00edculo 18 del Reglamento de Funcionamiento del Tribunal Laboral de Catalunya, \u00e9ste solicit\u00f3 a la Comisi\u00f3n T\u00e9cnica de Organizaci\u00f3n del Trabajo del mismo, informe pericial sobre la controversia planteada.<\/p>\n<p style=\"text-align: justify;\">\n<p style=\"text-align: justify;\"><strong>III) <\/strong>Los miembros de la Comisi\u00f3n T\u00e9cnica de Organizaci\u00f3n del Trabajo se personaron el d\u00eda 8 de julio de 2009 en la empresa efectos de recabar la informaci\u00f3n necesaria para realizar el Informe T\u00e9cnico, para ello se mantuvo una reuni\u00f3n conjunta con la representaci\u00f3n de la empresa y la representaci\u00f3n de los trabajadores, para concretar los aspectos en discusi\u00f3n del estudio a realizar, recogiendo la informaci\u00f3n facilitada por ambas partes y realizando el trabajo de campo necesaria. Tambi\u00e9n en esta primera reuni\u00f3n se hizo entrega de las 4 hojas de ruta del turno de la ma\u00f1ana al\u00a0 concretar que la reclamaci\u00f3n proven\u00eda del personal adscrito a este turno y considerando el gran volumen de trabajo a realizar y ante la imposibilidad de ampliar el presupuesto de este, el presente estudio \u00fanicamente se har\u00e1 referencia a los puestos de trabajo del turno de ma\u00f1ana. El mismo d\u00eda 8 de julio de 2009, se levanto acta en el seno de la empresa mediante la cual se solicita un aplazamiento de la entrega del Informe T\u00e9cnico hasta el 31 de julio de 2009.<\/p>\n<p style=\"text-align: justify;\">\n<p style=\"text-align: justify;\">Por todo cuanto antecede, se dicta el siguiente:<\/p>\n<p style=\"text-align: justify;\">\n<p style=\"text-align: justify;\"><strong>\u00a0<\/strong><\/p>\n<p style=\"text-align: justify;\"><strong>LAUDO ARBITRAL<\/strong><\/p>\n<p style=\"text-align: justify;\"><strong>\u00a0<\/strong><\/p>\n<p style=\"text-align: justify;\"><strong>El \u00edndice de saturaci\u00f3n del colectivo de limpieza despu\u00e9s de la modificaci\u00f3n horaria implantada por la empresa es el que se refleja en el siguiente cuadro:<\/strong><\/p>\n<table border=\"1\" cellspacing=\"0\" cellpadding=\"0\">\n<tbody>\n<tr>\n<td rowspan=\"2\" width=\"177\"><strong>PORCENTAGES<\/strong><\/p>\n<p><strong>DE<\/strong><\/p>\n<p><strong>SATURACI\u00d3N<\/strong><strong><\/strong><\/td>\n<td colspan=\"5\" width=\"474\"><strong>\u00a0<\/strong><\/p>\n<p><strong>COLECTIVO DE LA LIMPIEZA<\/strong><strong>\u00a0\u00a0\u00a0\u00a0\u00a0\u00a0\u00a0\u00a0\u00a0\u00a0\u00a0\u00a0\u00a0\u00a0\u00a0\u00a0\u00a0\u00a0\u00a0\u00a0\u00a0\u00a0\u00a0\u00a0\u00a0\u00a0\u00a0\u00a0\u00a0\u00a0\u00a0\u00a0\u00a0\u00a0\u00a0\u00a0\u00a0\u00a0\u00a0\u00a0\u00a0\u00a0\u00a0\u00a0\u00a0\u00a0\u00a0\u00a0\u00a0\u00a0\u00a0\u00a0\u00a0\u00a0 (del turno de la ma\u00f1ana)<\/strong><\/p>\n<p><strong>7 horas jornada x 4 personas<\/strong><\/td>\n<\/tr>\n<tr>\n<td width=\"95\"><strong>L1<\/strong><\/td>\n<td width=\"95\"><strong>L2<\/strong><\/td>\n<td width=\"95\"><strong>L3<\/strong><\/td>\n<td width=\"95\"><strong>L4<\/strong><\/td>\n<td width=\"95\"><strong>\u00a0<\/strong><\/p>\n<p><strong>MEDIA\u00a0\u00a0 TOTAL<\/strong><\/td>\n<\/tr>\n<tr>\n<td width=\"177\"><strong>\u00a0<\/strong><\/p>\n<p><strong>TRABAJO ACTUAL<\/strong><\/p>\n<p><strong>(hacen 31 camas)<\/strong><\/td>\n<td width=\"95\"><strong>107,07%<\/strong><\/td>\n<td width=\"95\"><strong>118,42%<\/strong><\/td>\n<td width=\"95\"><strong>112,24%<\/strong><\/td>\n<td width=\"95\"><strong>108,19%<\/strong><\/td>\n<td width=\"95\"><strong>111,48%<\/strong><\/td>\n<\/tr>\n<tr>\n<td colspan=\"5\" width=\"557\"><strong>INCORPORANDO:\u00a0 <\/strong><\/p>\n<p><strong>1.-El HACER EL TOTAL DE LAS CAMAS y <\/strong><\/p>\n<p><strong>2.-Al PERSONAL QUE LAS HACE (el resto), <\/strong><\/p>\n<p><strong>3 horas jornada x 2 personas<\/strong><\/td>\n<td width=\"95\"><strong>116,84%<\/strong><\/td>\n<\/tr>\n<\/tbody>\n<\/table>\n<p style=\"text-align: justify;\"><strong>\u00a0<\/strong><\/p>\n<p style=\"text-align: justify;\"><strong><em>Notas:\u00a0 <\/em><\/strong><em>Los valores indicados en el cuadro son considerando una ocupaci\u00f3n del establecimiento del 90%, dado que, entre el 80% y el 100% de ocupaci\u00f3n, este \u00edndice y el porcentaje de saturaci\u00f3n se pueden considerar directamente proporcionales.<\/em><\/p>\n<p style=\"text-align: justify;\"><em>\u00a0<\/em><\/p>\n<p style=\"text-align: justify;\"><em>Las saturaciones indicadas en el cuadro son: Trabajo actual por 28 horas efectivas de trabajo (4 personas x 7 horas). A\u00f1adiendo el total de hacer las camas por 34 horas efectivas de trabajo (4 personas x 7 horas + 2 personas x 3 horas)<\/em><\/p>\n<p style=\"text-align: justify;\"><em>\u00a0<\/em><\/p>\n<p style=\"text-align: justify;\"><em>Para hacer todo el trabajo a una saturaci\u00f3n del 100% har\u00eda falta incorporar 5 horas 44 minutos de presencia diaria a la actual plantilla de la \u201cma\u00f1ana + hacer camas\u201c esto con el 90% de la residencia ocupada.<\/em><\/p>\n<p style=\"text-align: justify;\"><strong>\u00a0<\/strong><\/p>\n<p style=\"text-align: justify;\">El Laudo \u00fanicamente podr\u00e1 recurrirse ante los tribunales competentes por cuestiones relacionadas con el procedimiento (falta de citaci\u00f3n o de audiencia), aspectos formales de la resoluci\u00f3n arbitral (incongruencia) o vulneraci\u00f3n de los derechos fundamentales o del principio de norma m\u00ednima.<\/p>\n<p style=\"text-align: justify;\">\n<p style=\"text-align: justify;\">En el plazo de siete d\u00edas h\u00e1biles a contar desde la notificaci\u00f3n del laudo, cualquiera de las partes podr\u00e1 solicitar del \u00e1rbitro o\u00a0 \u00e1rbitros, la aclaraci\u00f3n de alguno de los puntos de aqu\u00e9l, que tendr\u00e1 que facilitarse en el plazo m\u00e1ximo de 10 d\u00edas h\u00e1biles.<\/p>\n<p style=\"text-align: justify;\">\n<p style=\"text-align: justify;\">El tr\u00e1mite de aclaraci\u00f3n faculta a cualquiera de las partes a solicitar del \u00e1rbitro o \u00e1rbitros, \u00fanica y exclusivamente, la adecuada matizaci\u00f3n o esclarecimiento de alguno de los puntos contenidos en el laudo, sin que, en ning\u00fan caso, tal facultad pueda ser utilizada para rebatir los posicionamientos reflejados en la resoluci\u00f3n arbitral.<\/p>\n<p style=\"text-align: justify;\">\n<table width=\"641\" border=\"0\" cellspacing=\"0\" cellpadding=\"0\">\n<tbody>\n<tr>\n<td valign=\"top\" width=\"310\">&nbsp;<\/p>\n<p>&nbsp;<\/p>\n<p>&nbsp;<\/p>\n<p>&nbsp;<\/p>\n<p>&nbsp;<\/p>\n<p>&nbsp;<\/td>\n<td valign=\"top\" width=\"331\">&nbsp;<\/td>\n<\/tr>\n<tr>\n<td width=\"310\"><strong>Rafael Mart\u00ednez Romero<\/strong><\/p>\n<p align=\"left\"><strong>\u00a0<\/strong><\/p>\n<\/td>\n<td width=\"331\"><strong>Manuel Hern\u00e1ndez Gri\u00f1\u00e1n<\/strong><\/td>\n<\/tr>\n<tr>\n<td width=\"310\"><strong>\u00a0<\/strong><\/p>\n<p><strong>\u00a0<\/strong><\/p>\n<p><strong>\u00a0<\/strong><\/p>\n<p><strong>\u00a0<\/strong><\/p>\n<p><strong>\u00a0<\/strong><\/p>\n<p><strong>\u00a0<\/strong><\/td>\n<td width=\"331\"><strong>\u00a0<\/strong><\/td>\n<\/tr>\n<tr>\n<td width=\"310\"><strong>Fernando Albisu Codina<\/strong><\/td>\n<td width=\"331\"><strong>Carmen Simarro L\u00f3pez<\/strong><\/td>\n<\/tr>\n<\/tbody>\n<\/table>\n<p style=\"text-align: justify;\" align=\"left\">\n<p style=\"text-align: justify;\" align=\"left\">\n<p style=\"text-align: justify;\" align=\"left\">\n<p style=\"text-align: justify;\" align=\"left\">\n<p style=\"text-align: justify;\" align=\"left\">\n<p style=\"text-align: justify;\">\n","protected":false},"excerpt":{"rendered":"<p>\u00a0LAUDO ARBITRAL DICTADO\u00a0 POR LA DELEGACI\u00d3N DE BARCELONA DEL TRIBUNAL LABORAL DE CATALUNYA, COMPUESTA POR LOS SIGUIENTES MIEMBROS: DON RAFAEL MART\u00cdNEZ ROMERO, PRESIDENTE, DON\u00a0 MANUEL HERN\u00c1NDEZ GRI\u00d1AN, D. FERNANDO ALBISU CODINA Y DO\u00d1A CARMEN SIMARRO L\u00d3PEZ, VOCALES EN EL EXPEDIENTE PAB 465\/2009 \u2013A. R. A.- EL D\u00cdA 31 DE JULIO DE 2009. \u00a0\u00a0\u00a0\u00a0\u00a0\u00a0\u00a0\u00a0\u00a0\u00a0\u00a0\u00a0\u00a0\u00a0\u00a0\u00a0\u00a0\u00a0 ANTECEDENTES DE&hellip;<\/p>\n","protected":false},"author":2,"featured_media":0,"comment_status":"closed","ping_status":"closed","sticky":false,"template":"","format":"standard","meta":{"footnotes":""},"categories":[559,650],"tags":[],"class_list":["post-9958","post","type-post","status-publish","format-standard","hentry","category-2009-es","category-metodos-y-tiempos","category-559","category-650","description-off"],"_links":{"self":[{"href":"https:\/\/www.tribulab.cat\/es\/wp-json\/wp\/v2\/posts\/9958","targetHints":{"allow":["GET"]}}],"collection":[{"href":"https:\/\/www.tribulab.cat\/es\/wp-json\/wp\/v2\/posts"}],"about":[{"href":"https:\/\/www.tribulab.cat\/es\/wp-json\/wp\/v2\/types\/post"}],"author":[{"embeddable":true,"href":"https:\/\/www.tribulab.cat\/es\/wp-json\/wp\/v2\/users\/2"}],"replies":[{"embeddable":true,"href":"https:\/\/www.tribulab.cat\/es\/wp-json\/wp\/v2\/comments?post=9958"}],"version-history":[{"count":0,"href":"https:\/\/www.tribulab.cat\/es\/wp-json\/wp\/v2\/posts\/9958\/revisions"}],"wp:attachment":[{"href":"https:\/\/www.tribulab.cat\/es\/wp-json\/wp\/v2\/media?parent=9958"}],"wp:term":[{"taxonomy":"category","embeddable":true,"href":"https:\/\/www.tribulab.cat\/es\/wp-json\/wp\/v2\/categories?post=9958"},{"taxonomy":"post_tag","embeddable":true,"href":"https:\/\/www.tribulab.cat\/es\/wp-json\/wp\/v2\/tags?post=9958"}],"curies":[{"name":"wp","href":"https:\/\/api.w.org\/{rel}","templated":true}]}}