{"id":11016,"date":"2012-03-08T12:19:43","date_gmt":"2012-03-08T11:19:43","guid":{"rendered":"https:\/\/stlctest02.local\/?p=11016"},"modified":"2024-01-10T07:57:19","modified_gmt":"2024-01-10T06:57:19","slug":"pab-461-09","status":"publish","type":"post","link":"https:\/\/www.tribulab.cat\/es\/pab-461-09\/","title":{"rendered":"PAB 461\/09"},"content":{"rendered":"<p style=\"text-align: justify;\">LAUDO ARBITRAL<\/p>\n<p style=\"text-align: justify;\">DICTADO\u00a0 POR LA DELEGACI\u00d3N DE BARCELONA DEL TRIBUNAL LABORAL DE CATALUNYA, COMPUESTA POR LOS SIGUIENTES MIEMBROS: DON JOAQUIN JUAN PE\u00d1A, PRESIDENTE Y DON\u00a0 PEDRO SERRANO FERN\u00c1NDEZ, VOCAL EN EL EXPEDIENTE PAB 461\/2009 \u2013P. C. I., S.L.- EL D\u00cdA 15 DE JULIO DE 2009.<\/p>\n<p style=\"text-align: justify;\">ANTECEDENTES DE HECHO<\/p>\n<p style=\"text-align: justify;\">PRIMERO:.- El d\u00eda 10 de junio de 2009, el Sr. C. R. L. en calidad de Interesado Solicitante de la empresa P. C. I.,S.L., presento Escrito Introductorio al Tr\u00e1mite de Conciliaci\u00f3n Conflictos individuales, que fue registrado con el n\u00famero PCB 425\/2009.<\/p>\n<p style=\"text-align: justify;\">SEGUNDO:.- El tema sometido a Conciliaci\u00f3n, tal y como se concreta en el Escrito Introductorio al Tr\u00e1mite de Conciliaci\u00f3n es el siguiente:<\/p>\n<p style=\"text-align: justify;\">1.- Origen y desarrollo:<\/p>\n<p style=\"text-align: justify;\">La no aplicaci\u00f3n del grupo profesional en el puesto de trabajo que desempe\u00f1o mi funci\u00f3n.<\/p>\n<p style=\"text-align: justify;\">Reclamaci\u00f3n del grupo profesional del 6 al 5.<\/p>\n<p style=\"text-align: justify;\">El grupo profesional que la empresa aplica, no corresponde por us complejidad en el desarrollo de fabricaci\u00f3n y la experiencia que se requiere para su fabricaci\u00f3n en la secci\u00f3n de Astat.<\/p>\n<p style=\"text-align: justify;\">El trabajo que se realiza es desde el inicio del montaje de arrancadores electr\u00f3nicos hasta su verificaci\u00f3n como producto final.<\/p>\n<p style=\"text-align: justify;\">Incluyendo la extensa gama que existe.<\/p>\n<p style=\"text-align: justify;\">2.- Objeto y pretensi\u00f3n:<\/p>\n<p style=\"text-align: justify;\">La aplicaci\u00f3n del grupo profesional que corresponde, seg\u00fan estipula el convenio colectivo siderometal\u00fargico de la provincia de Barcelona.<\/p>\n<p style=\"text-align: justify;\">Aplicaci\u00f3n del grupo 5 por los trabajos que desempe\u00f1o en la cadena de producci\u00f3n de Astat.<\/p>\n<p style=\"text-align: justify;\">TERCERO:.- Debidamente citadas las partes, la Conciliaci\u00f3n del Tribunal Laboral de Catalunya se llev\u00f3 a cabo el d\u00eda 23 de junio de 2009, d\u00e1ndose por finalizada con el resultado de ACUERDO, en los siguientes t\u00e9rminos:<\/p>\n<p style=\"text-align: justify;\">PRIMERO:.-Ambas partes se someten expresamente al tr\u00e1mite de arbitraje previsto en los art\u00edculos 17 y 18 del Reglamento de Funcionamiento del Tribunal Laboral de Catalunya, y a tales efectos nombran por unanimidad\u00a0 a la propia <em>Delegaci\u00f3n de Barcelona del Tribunal Laboral de Catalunya <\/em>que ha conocido del procedimiento de Conciliaci\u00f3n.<\/p>\n<p style=\"text-align: justify;\">SEGUNDO:.-La cuesti\u00f3n a dirimir que es objeto del arbitraje al que se someten ambas representaciones se concreta en lo siguiente:<\/p>\n<p style=\"text-align: justify;\">\u201cDeterminar a qu\u00e9 grupo profesional seg\u00fan las tareas que desarrolla y el convenio colectivo de aplicaci\u00f3n debe estar adscrito el puesto de trabajo que en la actualidad es ocupado el Sr. C. R. L.\u201d<\/p>\n<p style=\"text-align: justify;\">TERCERO:.-El arbitraje al que se someten ambas representaciones tiene calidad de arbitraje de derecho.<\/p>\n<p style=\"text-align: justify;\">CUARTO:.-Con la firma de la presente Acta de Conciliaci\u00f3n que refleja el acuerdo entre las partes, se da por formalizado el Convenio Arbitral.<\/p>\n<p style=\"text-align: justify;\">QUINTO:.- Con el presente acto de conciliaci\u00f3n\u00a0 se da cumplimiento al tr\u00e1mite de Audiencia previsto en el Reglamento de Funcionamiento del Tribunal Laboral de Catalunya.<\/p>\n<p style=\"text-align: justify;\">SEXTO:.- La <em>Delegaci\u00f3n de Barcelona del Tribunal Laboral de Catalunya<\/em> solicitar\u00e1, en funci\u00f3n de las competencias asignadas por el Reglamento de Funcionamiento, informe pericial a la Comisi\u00f3n T\u00e9cnica de Organizaci\u00f3n del Trabajo del propio Tribunal, que tendr\u00e1 la consideraci\u00f3n de documento interno para uso exclusivo de los miembros de la propia Delegaci\u00f3n, no formando parte, por tanto del presente expediente.<\/p>\n<p style=\"text-align: justify;\">La <em>Delegaci\u00f3n de Barcelona del Tribunal Laboral de Catalunya<\/em> comunica a ambas representaciones que los miembros de la Comisi\u00f3n T\u00e9cnica de Organizaci\u00f3n del Trabajo designados para confeccionar el citado informe ser\u00e1n los Srs. David Calvo Sim\u00f3n y Alejandro Fern\u00e1ndez L\u00f3pez.<\/p>\n<p style=\"text-align: justify;\">Ambas partes disponen del plazo de 24 horas a partir de la fecha de hoy, para comunicar por escrito a este Tribunal la existencia de alguna posible incompatibilidad, en su caso debidamente fundada, de los t\u00e9cnicos designados.<\/p>\n<p style=\"text-align: justify;\">La intervenci\u00f3n de los t\u00e9cnicos que componen la mencionada Comisi\u00f3n se ajustar\u00e1 a los par\u00e1metros l\u00f3gicos que deben configurar un informe pericial, sin que sea factible, por tanto, la realizaci\u00f3n de estudios de medici\u00f3n que representen una utilizaci\u00f3n del citado servicio en t\u00e9rminos superiores a los establecidos, es por esto, que \u00fanicamente podr\u00e1n realizar su dictamen\u00a0 t\u00e9cnico dentro de los l\u00edmites presupuestarios establecidos al respecto por el Patronato de la Fundaci\u00f3n Tribunal Laboral de Catalunya.<\/p>\n<p style=\"text-align: justify;\">SEPTIMO:.-Ambas representaciones dejan constancia expresa de que el Laudo Arbitral que se dicte como consecuencia del arbitraje al que se someten voluntaria y expresamente, tendr\u00e1 efectos vinculantes de acuerdo con la legislaci\u00f3n vigente, comprometi\u00e9ndose a estar y pasar por lo que en \u00e9l se establezca.<\/p>\n<p style=\"text-align: justify;\">FUNDAMENTOS JUR\u00cdDICOS<\/p>\n<p style=\"text-align: justify;\">I) El Tribunal Laboral de Catalunya es competente para conocer y resolver el presente procedimiento arbitral, a tenor de lo previsto en el Acuerdo Interprofesional de Catalunya de 7 de noviembre de 1990, en el Reglamento de Funcionamiento del propio Tribunal y al amparo de lo establecido en los art\u00edculos 63 y 153 de la vigente Ley de Procedimiento Laboral.<\/p>\n<p style=\"text-align: justify;\">II) A tenor de lo previsto en el punto 8\u00ba del art\u00edculo 18 del Reglamento de Funcionamiento del Tribunal Laboral de Catalunya, \u00e9ste solicit\u00f3 a la Comisi\u00f3n T\u00e9cnica de Organizaci\u00f3n del Trabajo del mismo, informe pericial sobre la controversia planteada.<\/p>\n<p style=\"text-align: justify;\">III) Los miembros de la Comisi\u00f3n T\u00e9cnica de Organizaci\u00f3n del Trabajo se personaron en la empresa efectos de recabar la informaci\u00f3n necesaria para realizar el Informe T\u00e9cnico, para ello se mantuvo una reuni\u00f3n conjunta con la representaci\u00f3n de la empresa y el propio interesado solicitante, para concretar los aspectos en discusi\u00f3n del estudio a realizar, recogiendo la informaci\u00f3n facilitada por ambas partes y realizando el trabajo de campo necesaria para poder confeccionar y establecer el encuadramiento de la categor\u00eda solicitada.<\/p>\n<p style=\"text-align: justify;\">Por todo cuanto antecede, se dicta el siguiente:<\/p>\n<p style=\"text-align: justify;\">LAUDO ARBITRAL<\/p>\n<p style=\"text-align: justify;\" align=\"left\">El Grupo Profesional al que debe estar adscrito el puesto el trabajo que en la actualidad es ocupado por el Sr. C. R. L. es el que se detalla en el siguiente cuadro:<\/p>\n<table border=\"1\" cellspacing=\"0\" cellpadding=\"0\">\n<tbody>\n<tr>\n<td colspan=\"2\" width=\"463\">VALORACI\u00d3N DE PUESTO DE TRABAJO<\/td>\n<\/tr>\n<tr>\n<td valign=\"bottom\" width=\"198\">Puesto<\/td>\n<td width=\"265\">Grupo Profesional<\/td>\n<\/tr>\n<tr>\n<td valign=\"bottom\" width=\"198\">Acabado de ASTAT<\/td>\n<td width=\"265\">6<\/td>\n<\/tr>\n<\/tbody>\n<\/table>\n<p style=\"text-align: justify;\">El Laudo \u00fanicamente podr\u00e1 recurrirse ante los tribunales competentes por cuestiones relacionadas con el procedimiento (falta de citaci\u00f3n o de audiencia), aspectos formales de la resoluci\u00f3n arbitral (incongruencia) o vulneraci\u00f3n de los derechos fundamentales o del principio de norma m\u00ednima.<\/p>\n<p style=\"text-align: justify;\">En el plazo de siete d\u00edas h\u00e1biles a contar desde la notificaci\u00f3n del laudo, cualquiera de las partes podr\u00e1 solicitar del \u00e1rbitro o\u00a0 \u00e1rbitros, la aclaraci\u00f3n de alguno de los puntos de aqu\u00e9l, que tendr\u00e1 que facilitarse en el plazo m\u00e1ximo de 10 d\u00edas h\u00e1biles.<\/p>\n<p style=\"text-align: justify;\">El tr\u00e1mite de aclaraci\u00f3n faculta a cualquiera de las partes a solicitar del \u00e1rbitro o \u00e1rbitros, \u00fanica y exclusivamente, la adecuada matizaci\u00f3n o esclarecimiento de alguno de los puntos contenidos en el laudo, sin que, en ning\u00fan caso, tal facultad pueda ser utilizada para rebatir los posicionamientos reflejados en la resoluci\u00f3n arbitral.<\/p>\n<table border=\"0\" width=\"641\" cellspacing=\"0\" cellpadding=\"0\">\n<tbody>\n<tr>\n<td valign=\"top\" width=\"310\"><\/td>\n<td valign=\"top\" width=\"331\"><\/td>\n<\/tr>\n<tr>\n<td width=\"310\">Joaqu\u00edn Juan Pe\u00f1a<\/td>\n<td width=\"331\">Pedro Serrano Fern\u00e1ndez<\/td>\n<\/tr>\n<\/tbody>\n<\/table>\n","protected":false},"excerpt":{"rendered":"<p>LAUDO ARBITRAL DICTADO\u00a0 POR LA DELEGACI\u00d3N DE BARCELONA DEL TRIBUNAL LABORAL DE CATALUNYA, COMPUESTA POR LOS SIGUIENTES MIEMBROS: DON JOAQUIN JUAN PE\u00d1A, PRESIDENTE Y DON\u00a0 PEDRO SERRANO FERN\u00c1NDEZ, VOCAL EN EL EXPEDIENTE PAB 461\/2009 \u2013P. C. I., S.L.- EL D\u00cdA 15 DE JULIO DE 2009. ANTECEDENTES DE HECHO PRIMERO:.- El d\u00eda 10 de junio de&hellip;<\/p>\n","protected":false},"author":2,"featured_media":0,"comment_status":"closed","ping_status":"closed","sticky":false,"template":"","format":"standard","meta":{"footnotes":""},"categories":[559,614,719],"tags":[],"class_list":["post-11016","post","type-post","status-publish","format-standard","hentry","category-2009-es","category-grupo-profesional","category-valoracion-de-puestos-de-trabajo","category-559","category-614","category-719","description-off"],"_links":{"self":[{"href":"https:\/\/www.tribulab.cat\/es\/wp-json\/wp\/v2\/posts\/11016","targetHints":{"allow":["GET"]}}],"collection":[{"href":"https:\/\/www.tribulab.cat\/es\/wp-json\/wp\/v2\/posts"}],"about":[{"href":"https:\/\/www.tribulab.cat\/es\/wp-json\/wp\/v2\/types\/post"}],"author":[{"embeddable":true,"href":"https:\/\/www.tribulab.cat\/es\/wp-json\/wp\/v2\/users\/2"}],"replies":[{"embeddable":true,"href":"https:\/\/www.tribulab.cat\/es\/wp-json\/wp\/v2\/comments?post=11016"}],"version-history":[{"count":0,"href":"https:\/\/www.tribulab.cat\/es\/wp-json\/wp\/v2\/posts\/11016\/revisions"}],"wp:attachment":[{"href":"https:\/\/www.tribulab.cat\/es\/wp-json\/wp\/v2\/media?parent=11016"}],"wp:term":[{"taxonomy":"category","embeddable":true,"href":"https:\/\/www.tribulab.cat\/es\/wp-json\/wp\/v2\/categories?post=11016"},{"taxonomy":"post_tag","embeddable":true,"href":"https:\/\/www.tribulab.cat\/es\/wp-json\/wp\/v2\/tags?post=11016"}],"curies":[{"name":"wp","href":"https:\/\/api.w.org\/{rel}","templated":true}]}}