{"id":10878,"date":"2017-09-12T11:07:27","date_gmt":"2017-09-12T09:07:27","guid":{"rendered":"https:\/\/sserver1.local\/pab-175-2017\/"},"modified":"2024-01-10T07:48:45","modified_gmt":"2024-01-10T06:48:45","slug":"pab-175-2017","status":"publish","type":"post","link":"https:\/\/www.tribulab.cat\/es\/pab-175-2017\/","title":{"rendered":"PAB 175\/2017"},"content":{"rendered":"<p>&nbsp;<\/p>\n<p align=\"center\"><strong>ACTA DEL TR\u00c1MITE DE AUDIENCIA <\/strong><\/p>\n<p align=\"center\"><strong>CORRESPONDIENTE AL EXPEDIENTE PAB 175\/17<\/strong><\/p>\n<p align=\"center\"><strong>\u00a0<\/strong><\/p>\n<p align=\"center\"><strong><span style=\"text-decoration: underline;\">\u00c1rbitro<\/span><\/strong><\/p>\n<p align=\"center\">\n<p align=\"center\">Antonio Benavides Vico<\/p>\n<p align=\"center\">\n<p align=\"center\"><strong><span style=\"text-decoration: underline;\">Representaci\u00f3n empresarial<\/span><\/strong><\/p>\n<p align=\"center\">\n<p align=\"center\">\n<p align=\"center\">A. P. Y.<\/p>\n<p align=\"center\">B. A. P.<\/p>\n<p align=\"center\">\n<p align=\"center\"><strong><span style=\"text-decoration: underline;\">Interesado Solicitante <\/span><\/strong><\/p>\n<p align=\"center\"><strong><span style=\"text-decoration: underline;\">\u00a0<\/span><\/strong><\/p>\n<p align=\"center\">F. A. M.<\/p>\n<p align=\"center\">M. A. L.<\/p>\n<p align=\"center\">\n<p>En la ciudad de Tarrasa, siendo las 9 horas del d\u00eda 13 de marzo de 2017, se re\u00fanen, en los locales del Tribunal Laboral de Catalunya, las personas que obran al inicio, en representaci\u00f3n de la empresa y trabajadores, conjuntamente con el \u00c1rbitro designado al efecto, con el fin de dar cumplimiento al tr\u00e1mite de audiencia estipulado en el art. 18.6 f) del Reglamente de funcionamiento del Tribunal Laboral de Catalunya.<\/p>\n<p>&nbsp;<\/p>\n<p>Abierto el acto, el \u00c1rbitro concede la palabra al interesado solicitante, el cual se ratifica en sus posicionamientos.<\/p>\n<p>&nbsp;<\/p>\n<p>Posteriormente, se concede la palabra a la representaci\u00f3n de la empresa, quienes se reafirman en su postura acerca del conflicto.<\/p>\n<p>&nbsp;<\/p>\n<p>El \u00c1rbitro tras haber intentado un acercamiento entre las posturas de ambas representaciones, realiza la siguiente propuesta:<\/p>\n<p>&nbsp;<\/p>\n<p><strong><em>\u00daNICO.-<\/em><\/strong><em> A partir del mes de marzo de 2017 y hasta marzo de 2018 la empresa abonar\u00e1 el 25%\u00a0 del importe mensual del plus mantenimiento, que se percib\u00eda con anterioridad a la situaci\u00f3n jubilaci\u00f3n parcial. <\/em><\/p>\n<p>&nbsp;<\/p>\n<p>Esta propuesta despu\u00e9s de ser analizada por las partes,\u00a0 es aceptada por las mismas, en raz\u00f3n a las particularidades que en este procedimiento se plantean.<\/p>\n<p>&nbsp;<\/p>\n<p>Con la aceptaci\u00f3n de la presente propuesta, el trabajador se considera saldado a esta fecha en el importe del requerido plus.<\/p>\n<p>&nbsp;<\/p>\n<p>Ambas partes aceptan lo propuesto por el \u00c1rbitro y por tanto, se da por finalizado el presente procedimiento con el resultado de <strong>ACUERDO.<\/strong><\/p>\n<p>&nbsp;<\/p>\n<p>Y no habiendo m\u00e1s asuntos de que tratar se levanta la sesi\u00f3n en la fecha anteriormente indicada, firmando todos los asistentes, en prueba de conformidad con el \u00c1rbitro designado, la presente Acta a las diez horas del d\u00eda de hoy.<\/p>\n","protected":false},"excerpt":{"rendered":"<p>&nbsp; ACTA DEL TR\u00c1MITE DE AUDIENCIA CORRESPONDIENTE AL EXPEDIENTE PAB 175\/17 \u00a0 \u00c1rbitro Antonio Benavides Vico Representaci\u00f3n empresarial A. P. Y. B. A. P. Interesado Solicitante \u00a0 F. A. M. M. A. L. En la ciudad de Tarrasa, siendo las 9 horas del d\u00eda 13 de marzo de 2017, se re\u00fanen, en los locales del&hellip;<\/p>\n","protected":false},"author":2,"featured_media":0,"comment_status":"closed","ping_status":"closed","sticky":false,"template":"","format":"standard","meta":{"footnotes":""},"categories":[567,595,664,688,690],"tags":[],"class_list":["post-10878","post","type-post","status-publish","format-standard","hentry","category-2017-es","category-derecho","category-plus-mantenimiento","category-salario","category-salario-complementos-salariales-variables","category-567","category-595","category-664","category-688","category-690","description-off"],"_links":{"self":[{"href":"https:\/\/www.tribulab.cat\/es\/wp-json\/wp\/v2\/posts\/10878","targetHints":{"allow":["GET"]}}],"collection":[{"href":"https:\/\/www.tribulab.cat\/es\/wp-json\/wp\/v2\/posts"}],"about":[{"href":"https:\/\/www.tribulab.cat\/es\/wp-json\/wp\/v2\/types\/post"}],"author":[{"embeddable":true,"href":"https:\/\/www.tribulab.cat\/es\/wp-json\/wp\/v2\/users\/2"}],"replies":[{"embeddable":true,"href":"https:\/\/www.tribulab.cat\/es\/wp-json\/wp\/v2\/comments?post=10878"}],"version-history":[{"count":0,"href":"https:\/\/www.tribulab.cat\/es\/wp-json\/wp\/v2\/posts\/10878\/revisions"}],"wp:attachment":[{"href":"https:\/\/www.tribulab.cat\/es\/wp-json\/wp\/v2\/media?parent=10878"}],"wp:term":[{"taxonomy":"category","embeddable":true,"href":"https:\/\/www.tribulab.cat\/es\/wp-json\/wp\/v2\/categories?post=10878"},{"taxonomy":"post_tag","embeddable":true,"href":"https:\/\/www.tribulab.cat\/es\/wp-json\/wp\/v2\/tags?post=10878"}],"curies":[{"name":"wp","href":"https:\/\/api.w.org\/{rel}","templated":true}]}}