{"id":10770,"date":"2013-05-08T09:16:46","date_gmt":"2013-05-08T07:16:46","guid":{"rendered":"https:\/\/sserver1.local\/pab-789-12\/"},"modified":"2024-01-10T07:50:15","modified_gmt":"2024-01-10T06:50:15","slug":"pab-789-12","status":"publish","type":"post","link":"https:\/\/www.tribulab.cat\/es\/pab-789-12\/","title":{"rendered":"PAB 789\/12"},"content":{"rendered":"<p>&nbsp;<\/p>\n<p align=\"center\">LAUDO ARBITRAL<\/p>\n<p>DICTADO\u00a0 POR LA DELEGACI\u00d3N DE BARCELONA DEL TRIBUNAL LABORAL DE CATALUNYA, COMPUESTA POR LOS SIGUIENTES MIEMBROS: DON ANTONIO ALC\u00d3N DE DIEGO, PRESIDENTE; DON MANUEL HERN\u00c1NDEZ GRI\u00d1AN; DON JACINTO VALLE VALLE Y DON HELENA RAMIR\u00c9Z BORRAZ, VOCALES EN EL EXPEDIENTE PAB 789\/2012 FMPSA- EL D\u00cdA 2 DE ENERO DE DE 2013.<\/p>\n<p>ANTECEDENTES DE HECHO<\/p>\n<p>PRIMERO: El d\u00eda 28 de septiembre de 2012, la representaci\u00f3n de la empresa en la persona de PSA y por parte de la representaci\u00f3n de los trabajadores en la persona de CC, presentaron convenio de sometimiento expreso y voluntario de trabajadores y empresarios al tr\u00e1mite de conciliaci\u00f3n, que fue registrado con el n\u00famero PCB 678\/2012.<\/p>\n<p>SEGUNDO: El tema sometido a Conciliaci\u00f3n, tal y como se concreta en el escrito introductorio es el siguiente:<\/p>\n<p>Se adjunta a la presente Acta, como Documento n\u00famero 1, y formando parte integrante de la misma, escrito donde constan expuestos los hechos que motivan el presente expediente.<\/p>\n<p>TERCERO: Debidamente citadas las partes, el Acto de Conciliaci\u00f3n del Tribunal Laboral de Catalunya se llev\u00f3 a cabo el d\u00eda 12 de noviembre0 de 2012, d\u00e1ndose por finalizada con el resultado de ACUERDO, en los siguientes t\u00e9rminos:<\/p>\n<p>PRIMERO:.- Ambas partes acuerdan someterse expresamente al \u00a0\u00a0\u00a0\u00a0\u00a0\u00a0\u00a0\u00a0\u00a0\u00a0\u00a0 tr\u00e1mite de arbitraje previsto en los art\u00edculos 17 y 18 del Reglamento de Funcionamiento del Tribunal Laboral de Catalunya, y a tales efectos nombran por unanimidad a la propia Delegaci\u00f3n de \u00a0\u00a0\u00a0\u00a0\u00a0\u00a0\u00a0\u00a0 Barcelona del Tribunal Laboral de Catalunya que ha conocido del procedimiento de Conciliaci\u00f3n.<\/p>\n<p>SEGUNDO:.- La cuesti\u00f3n a dirimir que es objeto del arbitraje al que se someten ambas representaciones se concreta en lo siguiente:<\/p>\n<p>\u201cDeterminar saturaci\u00f3n y nivel de producci\u00f3n horaria en jornada de trabajo normal sin incidencias y ni interferencias) en la REDUX 2 de preparaci\u00f3n de soportes.\u201d<\/p>\n<p>TERCERO.- El arbitraje al que se someten ambas representaciones tiene calidad de arbitraje de derecho.<\/p>\n<p>CUARTO:.- Con la firma de la presente Acta de Conciliaci\u00f3n que refleja el acuerdo entre las partes, se da por formalizado el Convenio Arbitral.<\/p>\n<p>QUINTO:.- Con el presente acto de conciliaci\u00f3n se da cumplimiento al tr\u00e1mite de Audiencia previsto en el Reglamento de Funcionamiento del Tribunal Laboral de Catalunya.<\/p>\n<p>SEXTO:.- La Delegaci\u00f3n de Barcelona del Tribunal Laboral de Catalunya, tal y como ya se anunci\u00f3 en Acta de fecha 5 de octubre de 2012, solicitar\u00e1, en funci\u00f3n de las competencias asignadas por el Reglamento de Funcionamiento, informe pericial a la Comisi\u00f3n T\u00e9cnica de Organizaci\u00f3n del Trabajo del propio Tribunal, que tendr\u00e1 la consideraci\u00f3n de documento interno para uso exclusivo de los miembros de la propia Delegaci\u00f3n, no formando parte del presente expediente.<\/p>\n<p>Cabe recordar que los miembros de la Comisi\u00f3n T\u00e9cnica de Organizaci\u00f3n del Trabajo designados para confeccionar el citado informe ser\u00e1n los Srs. \u00a0\u00a0\u00a0\u00a0\u00a0\u00a0\u00a0\u00a0 Josep Busquets i Gubau y Mart\u00edn Ribas S\u00e1nchez.<\/p>\n<p>La intervenci\u00f3n de los t\u00e9cnicos que componen la mencionada Comisi\u00f3n se ajustar\u00e1 a los par\u00e1metros presupuestarios establecidos en el documento confeccionado por los t\u00e9cnicos designados, Srs. Busquets y Ribas (Documento n\u00famero 2), donde consta desglosado el coste del trabajo t\u00e9cnico a desarrollar, detall\u00e1ndose la parte que se enmarca dentro de los l\u00edmites establecidos al respecto por el Patronato de la Fundaci\u00f3n Tribunal Laboral de Catalunya, as\u00ed como la parte que supone un exceso respecto de dicho marco presupuestario y que las partes aceptan y asumen en su integridad en el presente acto.<\/p>\n<p>SEPTIMO:.- Ambas representaciones dejan constancia expresa de que el Laudo Arbitral que se dicte como consecuencia del arbitraje al que se \u00a0someten voluntaria y expresamente, tendr\u00e1 efectos vinculantes de acuerdo con la legislaci\u00f3n vigente, comprometi\u00e9ndose a estar y \u00a0\u00a0\u00a0 pasar por lo que en \u00e9l se establezca.<\/p>\n<p align=\"center\">FUNDAMENTOS JUR\u00cdDICOS<\/p>\n<p>I) El Tribunal Laboral de Catalunya es competente para conocer y resolver el presente procedimiento arbitral, a tenor de lo previsto en el Acuerdo Interprofesional de Catalunya de 7 de noviembre de 1990, en el Reglamento de Funcionamiento del propio Tribunal y al amparo de lo establecido en el Estatuto de los Trabajadores y en la vigente Ley de la Jurisdicci\u00f3n Social.<\/p>\n<p>II) A tenor de lo previsto en el punto 8\u00ba del art\u00edculo 18 del Reglamento de Funcionamiento del Tribunal Laboral de Catalunya, \u00e9ste solicit\u00f3 a la Comisi\u00f3n T\u00e9cnica de Organizaci\u00f3n del Trabajo del mismo, informe pericial sobre la controversia planteada.<\/p>\n<p>III) Los miembros de la Comisi\u00f3n T\u00e9cnica de Organizaci\u00f3n del Trabajo se \u00a0personaron en los locales de la Empresa el d\u00eda 29 de noviembre de 2012, \u00a0en dicha fecha, ambas partes conjuntamente con la Comisi\u00f3n T\u00e9cnica levantaron acta donde acordaron lo siguiente:<\/p>\n<p>&#8211;\u00a0\u00a0\u00a0\u00a0\u00a0 Las referencias a cronometrar en la m\u00e1quina Redux \u201c, ser\u00e1n la 1408 y la 333.<\/p>\n<p>&#8211;\u00a0\u00a0\u00a0\u00a0\u00a0 Aplazar el plazo fijado por el TLC para la entrega del estudio e \u00a0\u00a0 informe t\u00e9cnico, prevista en un inicio para el 3 de diciembre de 2012, hasta el 28 de diciembre de 2012.<\/p>\n<p>Posteriormente la Comisi\u00f3n T\u00e9cnica volvi\u00f3 a personarse en el seno de la empresa el d\u00eda 10 de diciembre de 2012 para realizar el correspondiente trabajo de campo.<\/p>\n<p>Por todo cuanto antecede, se dicta el siguiente:<\/p>\n<h5><\/h5>\n<h5>LAUDO ARBITRAL<\/h5>\n<p>El \u00edndice de saturaci\u00f3n y el nivel de producci\u00f3n horaria en jornada de trabajo normal sin incidencias ni interferencias en las referencias 1408 y la 333 correspondiente a la m\u00e1quina REDUX 2 son los que a continuaci\u00f3n se detallan en el siguiente cuadro:<\/p>\n<table width=\"100%\" border=\"0\" cellspacing=\"0\" cellpadding=\"0\">\n<tbody>\n<tr>\n<td colspan=\"4\" nowrap=\"nowrap\" width=\"100%\">\n<p align=\"center\">PUESTO DE TRABAJO REDAUX<\/p>\n<\/td>\n<\/tr>\n<tr>\n<td nowrap=\"nowrap\" width=\"23%\">\n<p align=\"center\">Referencia<\/p>\n<\/td>\n<td nowrap=\"nowrap\" width=\"26%\">\n<p align=\"center\">Descripci\u00f3n<\/p>\n<\/td>\n<td nowrap=\"nowrap\" width=\"23%\">\n<p align=\"center\">Saturaci\u00f3n<\/p>\n<\/td>\n<td width=\"25%\">\n<p align=\"center\">Producci\u00f3n Horaria Normal (piezas \/h)<\/p>\n<\/td>\n<\/tr>\n<tr>\n<td nowrap=\"nowrap\" width=\"23%\">\n<p align=\"center\">1408<\/p>\n<\/td>\n<td nowrap=\"nowrap\" width=\"26%\">\n<p align=\"center\">Soporte<\/p>\n<\/td>\n<td nowrap=\"nowrap\" width=\"23%\">\n<p align=\"center\">100,0%<\/p>\n<\/td>\n<td nowrap=\"nowrap\" width=\"25%\">\n<p align=\"center\">1.436,0<\/p>\n<\/td>\n<\/tr>\n<tr>\n<td nowrap=\"nowrap\" width=\"23%\">\n<p align=\"center\">R-3339154<\/p>\n<\/td>\n<td nowrap=\"nowrap\" width=\"26%\">\n<p align=\"center\">Soporte<\/p>\n<\/td>\n<td nowrap=\"nowrap\" width=\"23%\">\n<p align=\"center\">100,0%<\/p>\n<\/td>\n<td nowrap=\"nowrap\" width=\"25%\">\n<p align=\"center\">1.463,4<\/p>\n<\/td>\n<\/tr>\n<\/tbody>\n<\/table>\n<p>El Laudo \u00fanicamente podr\u00e1 recurrirse ante los tribunales competentes por cuestiones relacionadas con el procedimiento (falta de citaci\u00f3n o de audiencia), aspectos formales de la resoluci\u00f3n arbitral (incongruencia) o vulneraci\u00f3n de los derechos fundamentales o del principio de norma m\u00ednima.<\/p>\n<p>En el plazo de siete d\u00edas h\u00e1biles a contar desde la notificaci\u00f3n del laudo, cualquiera de las partes podr\u00e1 solicitar del \u00e1rbitro o\u00a0 \u00e1rbitros, la aclaraci\u00f3n de alguno de los puntos de aqu\u00e9l, que tendr\u00e1 que facilitarse en el plazo m\u00e1ximo de 10 d\u00edas h\u00e1biles.<\/p>\n<p>El tr\u00e1mite de aclaraci\u00f3n faculta a cualquiera de las partes a solicitar del \u00e1rbitro o \u00e1rbitros, \u00fanica y exclusivamente, la adecuada matizaci\u00f3n o esclarecimiento de alguno de los puntos contenidos en el laudo, sin que, en ning\u00fan caso, tal facultad pueda ser utilizada para rebatir los posicionamientos reflejados en la resoluci\u00f3n arbitral.<\/p>\n<table width=\"641\" border=\"0\" cellspacing=\"0\" cellpadding=\"0\">\n<tbody>\n<tr>\n<td valign=\"top\" width=\"310\"><\/td>\n<td valign=\"top\" width=\"331\"><\/td>\n<\/tr>\n<tr>\n<td width=\"310\">\n<p align=\"center\">Antonio Alc\u00f3n de Diego<\/p>\n<\/td>\n<td width=\"331\">\n<p align=\"center\">Manuel Hern\u00e1ndez Gri\u00f1an<\/p>\n<\/td>\n<\/tr>\n<tr>\n<td width=\"310\"><\/td>\n<td width=\"331\"><\/td>\n<\/tr>\n<tr>\n<td width=\"310\">\n<p align=\"center\">Jacinto Valle Valle<\/p>\n<\/td>\n<td width=\"331\">\n<p align=\"center\">Helena Ram\u00edrez Borraz<\/p>\n<\/td>\n<\/tr>\n<\/tbody>\n<\/table>\n","protected":false},"excerpt":{"rendered":"<p>&nbsp; LAUDO ARBITRAL DICTADO\u00a0 POR LA DELEGACI\u00d3N DE BARCELONA DEL TRIBUNAL LABORAL DE CATALUNYA, COMPUESTA POR LOS SIGUIENTES MIEMBROS: DON ANTONIO ALC\u00d3N DE DIEGO, PRESIDENTE; DON MANUEL HERN\u00c1NDEZ GRI\u00d1AN; DON JACINTO VALLE VALLE Y DON HELENA RAMIR\u00c9Z BORRAZ, VOCALES EN EL EXPEDIENTE PAB 789\/2012 FMPSA- EL D\u00cdA 2 DE ENERO DE DE 2013. ANTECEDENTES DE&hellip;<\/p>\n","protected":false},"author":2,"featured_media":0,"comment_status":"closed","ping_status":"closed","sticky":false,"template":"","format":"standard","meta":{"footnotes":""},"categories":[563,595,650,679],"tags":[],"class_list":["post-10770","post","type-post","status-publish","format-standard","hentry","category-2013-es","category-derecho","category-metodos-y-tiempos","category-produccion-a-actividad-normal","category-563","category-595","category-650","category-679","description-off"],"_links":{"self":[{"href":"https:\/\/www.tribulab.cat\/es\/wp-json\/wp\/v2\/posts\/10770","targetHints":{"allow":["GET"]}}],"collection":[{"href":"https:\/\/www.tribulab.cat\/es\/wp-json\/wp\/v2\/posts"}],"about":[{"href":"https:\/\/www.tribulab.cat\/es\/wp-json\/wp\/v2\/types\/post"}],"author":[{"embeddable":true,"href":"https:\/\/www.tribulab.cat\/es\/wp-json\/wp\/v2\/users\/2"}],"replies":[{"embeddable":true,"href":"https:\/\/www.tribulab.cat\/es\/wp-json\/wp\/v2\/comments?post=10770"}],"version-history":[{"count":0,"href":"https:\/\/www.tribulab.cat\/es\/wp-json\/wp\/v2\/posts\/10770\/revisions"}],"wp:attachment":[{"href":"https:\/\/www.tribulab.cat\/es\/wp-json\/wp\/v2\/media?parent=10770"}],"wp:term":[{"taxonomy":"category","embeddable":true,"href":"https:\/\/www.tribulab.cat\/es\/wp-json\/wp\/v2\/categories?post=10770"},{"taxonomy":"post_tag","embeddable":true,"href":"https:\/\/www.tribulab.cat\/es\/wp-json\/wp\/v2\/tags?post=10770"}],"curies":[{"name":"wp","href":"https:\/\/api.w.org\/{rel}","templated":true}]}}