{"id":10663,"date":"2012-03-14T11:28:02","date_gmt":"2012-03-14T10:28:02","guid":{"rendered":"https:\/\/sserver1.local\/pab-112-97\/"},"modified":"2024-01-10T07:51:11","modified_gmt":"2024-01-10T06:51:11","slug":"pab-112-97","status":"publish","type":"post","link":"https:\/\/www.tribulab.cat\/es\/pab-112-97\/","title":{"rendered":"PAB 112\/97"},"content":{"rendered":"<p style=\"text-align: justify;\">\u00a0PAB 112\/97<\/p>\n<p style=\"text-align: justify;\" align=\"justify\">Laude arbitral dictat el 16 de maig de 1997 per Jos\u00e9 Luis Salido Ban\u00das, Fernando Albisu Codina, Jos\u00e9 Luis Ib\u00c1\u00f1ez Palomo i Rafael Mart\u00ednez Romero, membres de la Delegaci\u00f3 de Barcelona del Tribunal Laboral de Catalunya, com a via de soluci\u00f3 al conflicte existent a l\u2019empresa TB<\/p>\n<p>Antecedents de fet<\/p>\n<p>Primer. El dia 14 de mar\u00e7 de 1997, el comit\u00e8 d\u2019empresa de TB va presentar l\u2019escrit introductori al tr\u00e0mit de conciliaci\u00f3 i mediaci\u00f3 davant d\u2019aquest Tribunal Laboral de Catalunya, registrat amb el n\u00famero PCB 112\/97.<\/p>\n<p>Segon. El tema sotm\u00e8s a conciliaci\u00f3 i mediaci\u00f3, segons consta en l\u2019escrit introductori, \u00e9s el seg\u00fcent:<br \/>\n\u00ab1. Que l\u2019empresa TB no t\u00e9 un sistema mesurat d\u2019activitat anteriorment al que s\u2019exposa a continuaci\u00f3.<br \/>\n2. Que en els butlletins de fabricaci\u00f3 hi figuren activitats qualificades com a \u00f2ptimes, que suposen per als treballadors d\u2019aquest centre de treball un sobreesfor\u00e7 en el rendiment habitual.<br \/>\n3. Que en diverses reunions que han mantingut aquesta representaci\u00f3 dels treballadors i la direcci\u00f3 de l\u2019empresa, s\u2019ha sol\u00b7licitat un incentiu pel sobreesfor\u00e7 que realitzen els treballadors.\u00bb<\/p>\n<p>Tercer. Degudament citades les parts es va intentar la mediaci\u00f3 i conciliaci\u00f3 del Tribunal Laboral de Catalunya el dia 3 de d\u2019abril de 1997, que va concloure amb el resultat d\u2019acord, en els termes que es transcriuen a continuaci\u00f3:<br \/>\n\u00abPrimer. Ambdues parts se sotmeten expressament al tr\u00e0mit d\u2019arbitratge previst en els articles 11 i seg\u00fcents del Reglament de funcionament del Tribunal Laboral de Catalunya, i a efectes del qual nomenen, per unanimitat, la mateixa Delegaci\u00f3 de Barcelona del Tribunal Laboral de Catalunya que ent\u00e9n del procediment de conciliaci\u00f3 i mediaci\u00f3.<br \/>\nSegon. La q\u00fcesti\u00f3 a dirimir que \u00e9s objecte del conflicte es concreta en el seg\u00fcent:<br \/>\n\u00abDeterminar la producci\u00f3 (nombre de peces) que derivi de l\u2019activitat normal de l\u2019operari, en l\u2019agrupaci\u00f3 de dentadores: l\u00ednia de picar, l\u00ednia de corona del comptaquil\u00f2metres i rectificadora d\u2019interior\u00bb.<br \/>\nTercer. L\u2019arbitratge al qual se sotmeten ambdues representacions t\u00e9 qualitat d\u2019arbitratge de dret.<br \/>\nQuart. Amb la signatura d\u2019aquesta acta de conciliaci\u00f3 i mediaci\u00f3 que reflecteix l\u2019acord entre les parts, es formalitza el conveni arbitral.<br \/>\nCinqu\u00e8. Amb aquest acte de conciliaci\u00f3 es fa el tr\u00e0mit d\u2019audi\u00e8ncia previst en el Reglament de funcionament del Tribunal Laboral de Catalunya.<br \/>\nSis\u00e8. La Delegaci\u00f3 de Barcelona del Tribunal Laboral de Cata-lunya sol\u00b7licitar\u00e0, d\u2019acord amb les compet\u00e8ncies assignades pel Reglament de funcionament, un informe pericial a la Comissi\u00f3 t\u00e8cnica d\u2019organitzaci\u00f3 del treball, que es considerar\u00e0 document intern per a \u00fas exclusiu dels membres de la Delegaci\u00f3, i no formar\u00e0 part, per tant, del present expedient.<br \/>\nSet\u00e8. Ambdues representacions fan constar expressament que el laude arbitral que resulti de l\u2019arbitratge al qual se sotmeten volunt\u00e0riament i expressament t\u00e9 efectes vinculants, i es comprometen a sotmetre\u2019s al seu contingut.\u00bb<\/p>\n<p>Fonaments jur\u00eddics<\/p>\n<p>I. El Tribunal Laboral de Catalunya \u00e9s competent per entendre i resoldre aquest procediment arbitral, at\u00e8s el tenor previst en l\u2019Acord Interprofessional de Catalunya de 7 de novembre de 1990, en el Reglament de funcionament del mateix Tribunal i a l\u2019empara de l\u2019establert en els articles 63 i 153 de la vigent Llei de procediment laboral.<\/p>\n<p>II. En virtut del previst en el par\u00e0graf 2n del punt 7\u00e8 de l\u2019article 12 del Reglament de funcionament del Tribunal Laboral de Catalunya, aquest va sol\u00b7licitar a la seva Comissi\u00f3 t\u00e8cnica un informe pericial sobre la controv\u00e8rsia plantejada.<\/p>\n<p>III. La Comissi\u00f3 de t\u00e8cnics es va presentar a l\u2019empresa per primera vegada el dia 10 d\u2019abril de 1997 per establir el pla de treball, tenint en compte tamb\u00e9 el programa de producci\u00f3 de l\u2019empresa. Aquests t\u00e8cnics es van presentar a l\u2019empresa en diferents dates posteriors a fi de completar la informaci\u00f3 i les dades necess\u00e0ries per a l\u2019elaboraci\u00f3 de l\u2019estudi, essent l\u2019\u00faltima d\u2019aquestes dates la del 13 de maig de 1997.<\/p>\n<p>Per tot aix\u00f2, es dicta el seg\u00fcent<\/p>\n<p>Laude arbitral<\/p>\n<p>La producci\u00f3 normal (nombre de peces) que es deriva de l\u2019activitat normal de l\u2019operari en l\u2019agrupaci\u00f3 de dentadores: l\u00ednia de picar, l\u00ednia de corona del comptaquil\u00f2metres i rectificadora d\u2019interior, \u00e9s la seg\u00fcent:<\/p>\n<table width=\"100%\" border=\"1\" cellspacing=\"0\" cellpadding=\"4\">\n<tbody>\n<tr>\n<td colspan=\"2\" width=\"66%\">L\u00ednia de picar<\/td>\n<td width=\"34%\"><\/td>\n<\/tr>\n<tr>\n<td width=\"33%\">Producci\u00f3 per hora derivada<br \/>\nde l\u2019activitat normal de l\u2019operari<\/td>\n<td width=\"33%\">Refer\u00e8ncia Z-12714<br \/>\nRefer\u00e8ncia R-12646<\/td>\n<td width=\"34%\">11 peces\/hora<br \/>\n11 peces\/hora<\/td>\n<\/tr>\n<tr>\n<td colspan=\"2\" width=\"66%\">L\u00ednia de corona del comptaquil\u00f2metres<\/td>\n<td width=\"34%\"><\/td>\n<\/tr>\n<tr>\n<td width=\"33%\">Producci\u00f3 per hora derivada<br \/>\nde l\u2019activitat normal de l\u2019operari<\/td>\n<td width=\"33%\">Refer\u00e8ncia 32701-9C000<\/td>\n<td width=\"34%\">22,5 peces\/hora<\/td>\n<\/tr>\n<tr>\n<td colspan=\"2\" width=\"66%\">Rectificadores d\u2019interiors rin-01 i rin-11<\/td>\n<td width=\"34%\"><\/td>\n<\/tr>\n<tr>\n<td width=\"33%\">Producci\u00f3 per hora derivada<br \/>\nde l\u2019activitat normal de l\u2019operari<\/td>\n<td width=\"33%\">Refer\u00e8ncia BN-1608<br \/>\nRefer\u00e8ncia 33132-G9800<\/td>\n<td width=\"34%\">16,3 peces\/hora<br \/>\n16,3 peces\/hora<\/td>\n<\/tr>\n<\/tbody>\n<\/table>\n<p style=\"text-align: justify;\" align=\"justify\">El laude \u00fanicament es podr\u00e0 rec\u00f3rrer davant dels tribunals competents per q\u00fcestions relacionades amb el procediment (falta de citaci\u00f3 o d\u2019audi\u00e8ncia), aspectes formals de la resoluci\u00f3 arbitral (incongru\u00e8ncia) o vulneraci\u00f3 dels drets fonamentals o del principi de norma m\u00ednima.<\/p>\n<p>En el termini de 7 dies h\u00e0bils a partir de la notificaci\u00f3 del laude, qualsevol de les parts podr\u00e0 sol\u00b7licitar a l\u2019\u00e0rbitre o \u00e0rbitres l\u2019aclariment d\u2019algun dels seus punts.<\/p>\n<p style=\"text-align: justify;\" align=\"justify\">\n","protected":false},"excerpt":{"rendered":"<p>\u00a0PAB 112\/97 Laude arbitral dictat el 16 de maig de 1997 per Jos\u00e9 Luis Salido Ban\u00das, Fernando Albisu Codina, Jos\u00e9 Luis Ib\u00c1\u00f1ez Palomo i Rafael Mart\u00ednez Romero, membres de la Delegaci\u00f3 de Barcelona del Tribunal Laboral de Catalunya, com a via de soluci\u00f3 al conflicte existent a l\u2019empresa TB Antecedents de fet Primer. El dia&hellip;<\/p>\n","protected":false},"author":2,"featured_media":0,"comment_status":"closed","ping_status":"closed","sticky":false,"template":"","format":"standard","meta":{"footnotes":""},"categories":[547,650,679],"tags":[],"class_list":["post-10663","post","type-post","status-publish","format-standard","hentry","category-1997-es","category-metodos-y-tiempos","category-produccion-a-actividad-normal","category-547","category-650","category-679","description-off"],"_links":{"self":[{"href":"https:\/\/www.tribulab.cat\/es\/wp-json\/wp\/v2\/posts\/10663","targetHints":{"allow":["GET"]}}],"collection":[{"href":"https:\/\/www.tribulab.cat\/es\/wp-json\/wp\/v2\/posts"}],"about":[{"href":"https:\/\/www.tribulab.cat\/es\/wp-json\/wp\/v2\/types\/post"}],"author":[{"embeddable":true,"href":"https:\/\/www.tribulab.cat\/es\/wp-json\/wp\/v2\/users\/2"}],"replies":[{"embeddable":true,"href":"https:\/\/www.tribulab.cat\/es\/wp-json\/wp\/v2\/comments?post=10663"}],"version-history":[{"count":0,"href":"https:\/\/www.tribulab.cat\/es\/wp-json\/wp\/v2\/posts\/10663\/revisions"}],"wp:attachment":[{"href":"https:\/\/www.tribulab.cat\/es\/wp-json\/wp\/v2\/media?parent=10663"}],"wp:term":[{"taxonomy":"category","embeddable":true,"href":"https:\/\/www.tribulab.cat\/es\/wp-json\/wp\/v2\/categories?post=10663"},{"taxonomy":"post_tag","embeddable":true,"href":"https:\/\/www.tribulab.cat\/es\/wp-json\/wp\/v2\/tags?post=10663"}],"curies":[{"name":"wp","href":"https:\/\/api.w.org\/{rel}","templated":true}]}}