{"id":10645,"date":"2012-03-14T11:05:17","date_gmt":"2012-03-14T10:05:17","guid":{"rendered":"https:\/\/sserver1.local\/pab-191-97\/"},"modified":"2024-01-10T07:51:17","modified_gmt":"2024-01-10T06:51:17","slug":"pab-191-97","status":"publish","type":"post","link":"https:\/\/www.tribulab.cat\/es\/pab-191-97\/","title":{"rendered":"PAB 191\/97"},"content":{"rendered":"<p style=\"text-align: justify;\" align=\"left\">PAB 191\/97<\/p>\n<p style=\"text-align: justify;\" align=\"left\">Laude arbitral dictat l\u20191 de juliol de 1997 per Juan Jos\u00e9 Meca Saavedra, Fernando Albisu Codina, Rafael Mart\u00ednez Romero i Mariano Cuesta \u00c1vila, membres de la Delegaci\u00f3 de Barcelona del Tribunal Laboral de Catalunya, com a via de soluci\u00f3 al conflicte existent a l\u2019empresa DEB<\/p>\n<p style=\"text-align: justify;\">Antecedents de fet<\/p>\n<p style=\"text-align: justify;\">Primer. El dia 27 de maig de 1997, el Sindicat Comarcal d\u2019Alimentaci\u00f3 CCOO, en representaci\u00f3 dels treballadors de DEB, va presentar l\u2019escrit introductori al tr\u00e0mit de conciliaci\u00f3 i mediaci\u00f3 davant d\u2019aquest Tribunal Laboral de Catalunya, registrat amb el n\u00famero PCB 177\/97.<\/p>\n<p style=\"text-align: justify;\">Segon. El tema sotm\u00e8s a conciliaci\u00f3 i mediaci\u00f3, segons consta en l\u2019escrit introductori, \u00e9s el seg\u00fcent:<br \/>\n\u00abL\u2019empresa va retirar un estudi de temps, i en va passar una c\u00f2pia al t\u00e8cnic del nostre sindicat, CCOO, amb el qual no estem d\u2019acord.<br \/>\nUn cop el t\u00e8cnic es presenta a l\u2019empresa per a la revisi\u00f3, arriba a la conclusi\u00f3 seg\u00fcent: \u201cEn tractar-se d\u2019una tasca artesana, la forma i manera de portar-la a terme \u00e9s totalment personal, la qual cosa fa pr\u00e0cticament inviable el seu cronometratge\u201d.<br \/>\nAt\u00e8s que el passat 25 de febrer de 1997 es va arribar a un acord davant d\u2019aquest Tribunal Laboral de Catalunya, que en cas d\u2019haver-hi discrep\u00e0ncies se sol\u00b7licitaria un arbitratge d\u2019aquest perqu\u00e8 no s\u2019est\u00e0 d\u2019acord amb les conclusions del t\u00e8cnic de l\u2019empresa, sol\u00b7licitem del Tribunal Laboral de Catalunya que citi les parts per discutir els termes d\u2019aquest arbitratge.\u00bb<\/p>\n<p style=\"text-align: justify;\">Tercer. Degudament citades les parts es va intentar la mediaci\u00f3 i conciliaci\u00f3 del Tribunal Laboral de Catalunya el dia 3 de juny de 1997, que va concloure amb el resultat d\u2019acord, en els termes que es transcriuen a continuaci\u00f3:<br \/>\n\u00abPrimer. Ambdues parts se sotmeten expressament al tr\u00e0mit d\u2019arbitratge previst en els articles 11 i seg\u00fcents del Reglament de funcionament del Tribunal Laboral de Catalunya, i a efectes del qual nomenen, per unanimitat, la mateixa Delegaci\u00f3 de Barcelona del Tribunal Laboral de Catalunya que ent\u00e9n del procediment de conciliaci\u00f3 i mediaci\u00f3.<br \/>\nSegon. La q\u00fcesti\u00f3 a dirimir que \u00e9s objecte del conflicte es concreta en el seg\u00fcent:<br \/>\n\u00abDeterminar la producci\u00f3 hora a activitat normal 100 de les refer\u00e8ncies que es detallen a continuaci\u00f3: Normal, Chocolate, Crema, Micro i CRN.<br \/>\nI fins a exhaurir les possibilitats pressupost\u00e0ries amb les quals s\u2019ha dotat la Comissi\u00f3 t\u00e8cnica d\u2019organitzaci\u00f3 del treball per al present expedient, les refer\u00e8ncies seg\u00fcents: Bikini, CRNR, Franfurt, Micro Crema, Micro Chocolate, Sobrasada, Integral i Pome\u00bb.<br \/>\nTercer. L\u2019arbitratge al qual se sotmeten ambdues representacions t\u00e9 qualitat d\u2019arbitratge de dret.<br \/>\nQuart. Amb la signatura d\u2019aquesta acta de conciliaci\u00f3 i mediaci\u00f3 que reflecteix l\u2019acord entre les parts, es formalitza el conveni arbitral.<br \/>\nCinqu\u00e8. Amb aquest acte de conciliaci\u00f3 es fa el tr\u00e0mit d\u2019audi\u00e8ncia previst en el Reglament de funcionament del Tribunal Laboral de Catalunya.<br \/>\nSis\u00e8. La Delegaci\u00f3 de Barcelona del Tribunal Laboral de Catalunya sol\u00b7licitar\u00e0, d\u2019acord amb les compet\u00e8ncies assignades pel Reglament de funcionament, un informe pericial a la Comissi\u00f3 t\u00e8cnica d\u2019organitzaci\u00f3 del treball, que es considerar\u00e0 document intern per a \u00fas exclusiu dels membres de la Delegaci\u00f3, i no formar\u00e0 part, per tant, del present expedient.<br \/>\nSet\u00e8. Ambdues representacions fan constar expressament que el laude arbitral que resulti de l\u2019arbitratge al qual se sotmeten volunt\u00e0riament i expressament t\u00e9 efectes vinculants, d\u2019acord amb la legislaci\u00f3 vigent, i es comprometen a sotmetre\u2019s al seu contingut.\u00bb<\/p>\n<p style=\"text-align: justify;\">Fonaments jur\u00eddics<\/p>\n<p style=\"text-align: justify;\">I. El Tribunal Laboral de Catalunya \u00e9s competent per entendre i resoldre aquest procediment arbitral, at\u00e8s el tenor previst en l\u2019Acord Interprofessional de Catalunya de 7 de novembre de 1990, en el Reglament de funcionament del mateix Tribunal i a l\u2019empara de l\u2019establert en els articles 63 i 153 de la vigent Llei de procediment laboral.<\/p>\n<p style=\"text-align: justify;\">II. En virtut del previst en el par\u00e0graf 2n del punt 7\u00e8 de l\u2019article 12 del Reglament de funcionament del Tribunal Laboral de Catalu-nya, aquest va sol\u00b7licitar a la seva Comissi\u00f3 t\u00e8cnica un informe pericial sobre la controv\u00e8rsia plantejada.<\/p>\n<p style=\"text-align: justify;\">III. La Comissi\u00f3 de t\u00e8cnics es va presentar a l\u2019empresa el dia 9 de juny de 1997 a fi de mantenir una entrevista amb la direcci\u00f3 i la delegada del personal, i veure sobre el terreny l\u2019execuci\u00f3 de les operacions en disc\u00f2rdia. Posteriorment es van efectuar els estudis de temps el dia 16 de juny de 1997, per tal d\u2019emetre aquest informe.<\/p>\n<p style=\"text-align: justify;\">Per tot aix\u00f2, es dicta el seg\u00fcent<\/p>\n<p style=\"text-align: justify;\">Laude arbitral<\/p>\n<p style=\"text-align: justify;\">Les produccions hora a activitat normal 100 de les refer\u00e8ncies Normal, Chocolate, Crema, Micro, CRN, Micro Chocolate, Bikini i Chistorra s\u00f3n les seg\u00fcents:<\/p>\n<table width=\"77%\" border=\"1\" cellspacing=\"0\" cellpadding=\"0\">\n<tbody>\n<tr>\n<td width=\"43%\">\n<p align=\"left\">Producte<\/p>\n<\/td>\n<td width=\"57%\">Producci\u00f3 normal<\/td>\n<\/tr>\n<tr>\n<td width=\"43%\">\n<p align=\"left\">Normal<br \/>\nChocolate<br \/>\nCrema<br \/>\nMicro Normal<br \/>\nCRN<br \/>\nMicro Chocolate<br \/>\nBikini<br \/>\nChistorra<\/p>\n<\/td>\n<td width=\"57%\">470 croissants\/hora<br \/>\n444 croissants\/hora<br \/>\n442 croissants\/hora<br \/>\n458 croissants\/hora<br \/>\n381 croissants\/hora<br \/>\n406 croissants\/hora<br \/>\n443 croissants\/hora<br \/>\n443 croissants\/hora<\/td>\n<\/tr>\n<\/tbody>\n<\/table>\n<p style=\"text-align: justify;\" align=\"left\">El laude \u00fanicament es podr\u00e0 rec\u00f3rrer davant dels tribunals competents per q\u00fcestions relacionades amb el procediment (falta de citaci\u00f3 o d\u2019audi\u00e8ncia), aspectes formals de la resoluci\u00f3 arbitral (incongru\u00e8ncia) o vulneraci\u00f3 dels drets fonamentals o del principi de norma m\u00ednima.<\/p>\n<p style=\"text-align: justify;\">En el termini de 7 dies h\u00e0bils a partir de la notificaci\u00f3 del laude, qualsevol de les parts podr\u00e0 sol\u00b7licitar a l\u2019\u00e0rbitre o \u00e0rbitres l\u2019aclariment d\u2019algun dels seus punts.<\/p>\n<p style=\"text-align: justify;\">\n","protected":false},"excerpt":{"rendered":"<p>PAB 191\/97 Laude arbitral dictat l\u20191 de juliol de 1997 per Juan Jos\u00e9 Meca Saavedra, Fernando Albisu Codina, Rafael Mart\u00ednez Romero i Mariano Cuesta \u00c1vila, membres de la Delegaci\u00f3 de Barcelona del Tribunal Laboral de Catalunya, com a via de soluci\u00f3 al conflicte existent a l\u2019empresa DEB Antecedents de fet Primer. El dia 27 de&hellip;<\/p>\n","protected":false},"author":2,"featured_media":0,"comment_status":"closed","ping_status":"closed","sticky":false,"template":"","format":"standard","meta":{"footnotes":""},"categories":[547,650,679],"tags":[],"class_list":["post-10645","post","type-post","status-publish","format-standard","hentry","category-1997-es","category-metodos-y-tiempos","category-produccion-a-actividad-normal","category-547","category-650","category-679","description-off"],"_links":{"self":[{"href":"https:\/\/www.tribulab.cat\/es\/wp-json\/wp\/v2\/posts\/10645","targetHints":{"allow":["GET"]}}],"collection":[{"href":"https:\/\/www.tribulab.cat\/es\/wp-json\/wp\/v2\/posts"}],"about":[{"href":"https:\/\/www.tribulab.cat\/es\/wp-json\/wp\/v2\/types\/post"}],"author":[{"embeddable":true,"href":"https:\/\/www.tribulab.cat\/es\/wp-json\/wp\/v2\/users\/2"}],"replies":[{"embeddable":true,"href":"https:\/\/www.tribulab.cat\/es\/wp-json\/wp\/v2\/comments?post=10645"}],"version-history":[{"count":0,"href":"https:\/\/www.tribulab.cat\/es\/wp-json\/wp\/v2\/posts\/10645\/revisions"}],"wp:attachment":[{"href":"https:\/\/www.tribulab.cat\/es\/wp-json\/wp\/v2\/media?parent=10645"}],"wp:term":[{"taxonomy":"category","embeddable":true,"href":"https:\/\/www.tribulab.cat\/es\/wp-json\/wp\/v2\/categories?post=10645"},{"taxonomy":"post_tag","embeddable":true,"href":"https:\/\/www.tribulab.cat\/es\/wp-json\/wp\/v2\/tags?post=10645"}],"curies":[{"name":"wp","href":"https:\/\/api.w.org\/{rel}","templated":true}]}}