{"id":10484,"date":"2012-03-13T12:22:08","date_gmt":"2012-03-13T11:22:08","guid":{"rendered":"https:\/\/sserver1.local\/pab-457-02\/"},"modified":"2024-01-10T07:52:45","modified_gmt":"2024-01-10T06:52:45","slug":"pab-457-02","status":"publish","type":"post","link":"https:\/\/www.tribulab.cat\/es\/pab-457-02\/","title":{"rendered":"PAB 457\/02"},"content":{"rendered":"<p style=\"text-align: justify;\">LAUDO ARBITRAL<\/p>\n<div style=\"text-align: justify;\">\n<p>&nbsp;<\/p>\n<p>DICTADO POR LA DELEGACI\u00d3N DE BARCELONA DEL TRIBUNAL LABORAL DE CATALUNYA, COMPUESTA POR LOS SIGUIENTES MIEMBROS: DON EDUARDO DE PAZ FUERTES, PRESIDENTE; DON RAFAEL MART\u00cdNEZ ROMERO, DON JOAQU\u00cdN NEBRA DOB\u00d3N Y DO\u00d1A JUANA ROMERO LLORENTE, VOCALES EN EL EXPEDIENTE PAB 457\/2002 VACLIZASA, EL D\u00cdA 31 DE DICIEMBRE DE 2002.<\/p>\n<p>&nbsp;<\/p>\n<p>ANTECEDENTES DE HECHO<\/p>\n<p align=\"left\">\n<p>PRIMERO:.- El d\u00eda 8 de Noviembre del a\u00f1o 2002, la Empresa VACLIZASA, present\u00f3 Escrito Introductorio al tr\u00e1mite de Conciliaci\u00f3n y Mediaci\u00f3n ante este Tribunal Laboral de Catalunya, que fue registrado con el n\u00famero PCB 439\/2002.<\/p>\n<p>&nbsp;<\/p>\n<p>SEGUNDO:.- El tema sometido a conciliaci\u00f3n y mediaci\u00f3n, seg\u00fan consta en el escrito introductorio es el siguiente:<\/p>\n<p>&nbsp;<\/p>\n<p>En cadena de montaje (L\u00ednea T0). La empresa solicit\u00f3 modificaci\u00f3n de tiempos en base a la asistencia de manifiesto error en la medici\u00f3n realizada.<\/p>\n<p>&nbsp;<\/p>\n<p>El error trae origen en que la medici\u00f3n realizada en el a\u00f1o 1998 no tuvo en cuenta la reducci\u00f3n del n\u00famero de operaciones de montaje, premontaje, y embalaje operadas con motivo de la modificaci\u00f3n de m\u00e9todos y procedimientos utilizados y dicho error ha ido arrastr\u00e1ndose sucesivamente.<\/p>\n<p>&nbsp;<\/p>\n<p>La empresa, de conformidad con lo dispuesto en el art\u00edculo 10 de su convenio, solicit\u00f3 a la comisi\u00f3n paritaria de tiempos la oportuna revisi\u00f3n por cuanto no se alcanzaban los rendimientos m\u00ednimos exigibles.<\/p>\n<p>&nbsp;<\/p>\n<p>La presente solicitud de arbitraje vinculante viene motivada por la falta de respuesta a la revisi\u00f3n de tiempos planteada por la empresa.<\/p>\n<p>&nbsp;<\/p>\n<p>TERCERO:.- Debidamente citadas las partes fue intentada la Mediaci\u00f3n-Conciliaci\u00f3n del Tribunal Laboral de Catalunya, primeramente el d\u00eda 15 de Noviembre de 2002, aplaz\u00e1ndose la misma para el d\u00eda 22 del mismo mes, la cual finaliza con el resultado de ACUERDO, en los t\u00e9rminos que a continuaci\u00f3n se transcriben:<\/p>\n<p>&nbsp;<\/p>\n<p>PRIMERO:.-Ambas partes se someten expresamente al tr\u00e1mite de arbitraje previsto en los art\u00edculos 15 y siguientes del Reglamento de Funcionamiento del Tribunal Laboral de Catalunya, y a tales efectos nombran por unanimidad a la propia Delegaci\u00f3n de Barcelona del Tribunal Laboral de Catalunya que ha conocido del procedimiento de Conciliaci\u00f3n\/Mediaci\u00f3n.<\/p>\n<p>&nbsp;<\/p>\n<\/div>\n<p style=\"text-align: justify;\">\n<div style=\"text-align: justify;\">\n<p>SEGUNDO:.-La cuesti\u00f3n a dirimir que es objeto del arbitraje al que se someten ambas representaciones se concreta en lo siguiente:<\/p>\n<p>&nbsp;<\/p>\n<p>Determinar la producci\u00f3n a actividad\u00a0 normal de la cadena de montaje T0. Referencias 033970 W y 033971 A.<\/p>\n<p>&nbsp;<\/p>\n<p>TERCERO:.-El arbitraje al que se someten ambas representaciones tiene calidad de arbitraje de derecho.<\/p>\n<p>&nbsp;<\/p>\n<p>CUARTO:.-Con la firma de la presente Acta de Conciliaci\u00f3n\/Mediaci\u00f3n que refleja el acuerdo entre las partes, se da por formalizado el Convenio Arbitral.<\/p>\n<p>&nbsp;<\/p>\n<p>QUINTO:.-Con el presente acto de conciliaci\u00f3n se da cumplimiento al tr\u00e1mite de Audiencia previsto en el Reglamento de Funcionamiento del Tribunal Laboral de Catalunya.<\/p>\n<p>&nbsp;<\/p>\n<p>SEXTO:.-La Delegaci\u00f3n de Barcelona del Tribunal Laboral de Catalunya solicitar\u00e1, en funci\u00f3n de las competencias asignadas por el Reglamento de Funcionamiento, informe pericial a la Comisi\u00f3n T\u00e9cnica de Organizaci\u00f3n del Trabajo del propio Tribunal, que tendr\u00e1 la consideraci\u00f3n de documento interno para uso exclusivo de los miembros de la propia Delegaci\u00f3n, no formando parte, por tanto del presente expediente.<\/p>\n<p>&nbsp;<\/p>\n<p>La Delegaci\u00f3n de Barcelona del Tribunal Laboral de Catalunya comunica a ambas representaciones que los miembros de la Comisi\u00f3n T\u00e9cnica de Organizaci\u00f3n del Trabajo designados para confeccionar el citado informe ser\u00e1n los Srs. Josep Busquets Gubau y Mart\u00edn Ribas S\u00e1nchez.<\/p>\n<p>&nbsp;<\/p>\n<p>Ambas partes disponen del plazo de 24 horas a partir de la fecha de hoy, para comunicar por escrito a este Tribunal la existencia de alguna posible incompatibilidad, en su caso debidamente fundada, de los t\u00e9cnicos designados.<\/p>\n<p>&nbsp;<\/p>\n<p>La intervenci\u00f3n de los t\u00e9cnicos que componen la mencionada Comisi\u00f3n se ajustar\u00e1 a los par\u00e1metros l\u00f3gicos que deben configurar un informe pericial, sin que sea factible, por tanto, la realizaci\u00f3n de estudios de medici\u00f3n que representen una utilizaci\u00f3n del citado servicio en t\u00e9rminos superiores a los establecidos, es por esto, que \u00fanicamente podr\u00e1n realizar su dictamen\u00a0 t\u00e9cnico dentro de los l\u00edmites presupuestarios establecidos al respecto por el Patronato de la Fundaci\u00f3n Tribunal Laboral de Catalunya.<\/p>\n<p>&nbsp;<\/p>\n<p>SEPTIMO:.-Ambas representaciones dejan constancia expresa de que el Laudo Arbitral que se dicte como consecuencia del arbitraje al que se someten voluntaria y expresamente, tendr\u00e1 efectos vinculantes de acuerdo con la legislaci\u00f3n vigente, comprometi\u00e9ndose a estar y pasar por lo que en \u00e9l se establezca.<\/p>\n<p>&nbsp;<\/p>\n<\/div>\n<p style=\"text-align: justify;\">\n<div style=\"text-align: justify;\">\n<p>FUNDAMENTOS JUR\u00cdDICOS<\/p>\n<p>&nbsp;<\/p>\n<p>I) El Tribunal Laboral de Catalunya es competente para conocer y resolver el presente procedimiento arbitral, a tenor de lo previsto en el Acuerdo Interprofesional de Catalunya de 7 de noviembre de 1990, en el Reglamento de Funcionamiento del propio Tribunal y al amparo de lo establecido en los art\u00edculos 63 y 153 de la vigente Ley de Procedimiento Laboral.<\/p>\n<p>&nbsp;<\/p>\n<p>II) A tenor de lo previsto en el punto 8\u00ba del art\u00edculo 16 del Reglamento de Funcionamiento del Tribunal Laboral de Catalunya, \u00e9ste solicit\u00f3 a la Comisi\u00f3n T\u00e9cnica de Organizaci\u00f3n del Trabajo del mismo, informe pericial sobre la controversia planteada.<\/p>\n<p>&nbsp;<\/p>\n<p>III) La Comisi\u00f3n T\u00e9cnica de Organizaci\u00f3n del Trabajo del Tribunal Laboral de Catalunya se person\u00f3 en la Empresa, por primera vez, el d\u00eda 9 de diciembre de 2002 a fin de recabar informaci\u00f3n acerca del trabajo solicitado y elaborar un plan de trabajo; para ello se mantuvo una reuni\u00f3n conjunta con la representaci\u00f3n de la Empresa y del Comit\u00e9 de Empresa, y se efectu\u00f3 una detallada visita a la l\u00ednea de montaje objeto de estudio; en este mismo d\u00eda se levant\u00f3 acta en la que se solicitaba prorrogar el plazo de entrega del informe t\u00e9cnico hasta el 24 de diciembre de 2002. El trabajo de cronometraje se llev\u00f3 a cabo a lo largo del d\u00eda 13 de diciembre de 2002<\/p>\n<p>&nbsp;<\/p>\n<p>Por todo cuanto antecede, se dicta el siguiente<\/p>\n<p>&nbsp;<\/p>\n<p>LAUDO<\/p>\n<p>&nbsp;<\/p>\n<p>La producci\u00f3n a actividad normal de la cadena de montaje T0, tanto para la referencia 033970 W como para la 033971 A, es de 24,78 unidades por hora, seg\u00fan\u00a0 se especifica en el siguiente cuadro:<\/p>\n<p>&nbsp;<\/p>\n<table border=\"0\" cellspacing=\"0\" cellpadding=\"0\">\n<tbody>\n<tr>\n<td valign=\"top\" width=\"318\">\n<p align=\"left\">\n<p>N\u00famero de Puesto de Trabajo de la L\u00ednea<\/td>\n<td valign=\"top\" width=\"341\">\n<p align=\"left\">\n<p>Producci\u00f3n a Actividad Normal<\/p>\n<p>(en unidades\/hora)<\/td>\n<\/tr>\n<tr>\n<td valign=\"top\" width=\"318\">\n<p align=\"left\">\n<p>1<\/td>\n<td valign=\"top\" width=\"341\">\n<p align=\"left\">\n<p>28,46<\/td>\n<\/tr>\n<tr>\n<td valign=\"top\" width=\"318\">\n<p align=\"left\">\n<p>2<\/td>\n<td valign=\"top\" width=\"341\">\n<p align=\"left\">\n<p>24,78<\/td>\n<\/tr>\n<tr>\n<td valign=\"top\" width=\"318\">\n<p align=\"left\">\n<p>3<\/td>\n<td valign=\"top\" width=\"341\">\n<p align=\"left\">\n<p>30,53<\/td>\n<\/tr>\n<tr>\n<td valign=\"top\" width=\"318\">\n<p align=\"left\">\n<p>4<\/td>\n<td valign=\"top\" width=\"341\">\n<p align=\"left\">\n<p>30,77<\/td>\n<\/tr>\n<tr>\n<td valign=\"top\" width=\"318\">\n<p align=\"left\">\n<p>5<\/td>\n<td valign=\"top\" width=\"341\">\n<p align=\"left\">\n<p>37,27<\/td>\n<\/tr>\n<tr>\n<td valign=\"top\" width=\"318\">\n<p align=\"left\">\n<p>6<\/td>\n<td valign=\"top\" width=\"341\">\n<p align=\"left\">\n<p>43,62<\/td>\n<\/tr>\n<tr>\n<td valign=\"top\" width=\"318\">\n<p align=\"left\">\n<p>TOTAL<\/td>\n<td valign=\"top\" width=\"341\">\n<p align=\"left\">\n<p>24,78<\/td>\n<\/tr>\n<\/tbody>\n<\/table>\n<p>&nbsp;<\/p>\n<\/div>\n<p style=\"text-align: justify;\">\n<p style=\"text-align: justify;\">El Laudo \u00fanicamente podr\u00e1 recurrirse ante los tribunales competentes por cuestiones relacionadas con el procedimiento (falta de citaci\u00f3n o de audiencia), aspectos formales de la resoluci\u00f3n arbitral (incongruencia) o vulneraci\u00f3n de los derechos fundamentales o del principio de norma m\u00ednima.<\/p>\n<p style=\"text-align: justify;\">\n<p style=\"text-align: justify;\">En el plazo de siete d\u00edas h\u00e1biles a contar desde la notificaci\u00f3n del laudo, cualquiera de las partes podr\u00e1 solicitar del \u00e1rbitro o\u00a0 \u00e1rbitros, la aclaraci\u00f3n de alguno de los puntos de aqu\u00e9l, que tendr\u00e1 que facilitarse en el plazo m\u00e1ximo de 10 d\u00edas h\u00e1biles.<\/p>\n<p style=\"text-align: justify;\">\n<p style=\"text-align: justify;\">El tr\u00e1mite de aclaraci\u00f3n faculta a cualquiera de las partes a solicitar del \u00e1rbitro o \u00e1rbitros, \u00fanica y exclusivamente, la adecuada matizaci\u00f3n o esclarecimiento de alguno de los puntos contenidos en el laudo, sin que, en ning\u00fan caso, tal facultad pueda ser utilizada para rebatir los posicionamientos reflejados en la resoluci\u00f3n arbitral.<\/p>\n<p style=\"text-align: justify;\">\n<p style=\"text-align: justify;\">\n<p style=\"text-align: justify;\">\n<p style=\"text-align: justify;\">\n<p style=\"text-align: justify;\">\n","protected":false},"excerpt":{"rendered":"<p>LAUDO ARBITRAL &nbsp; DICTADO POR LA DELEGACI\u00d3N DE BARCELONA DEL TRIBUNAL LABORAL DE CATALUNYA, COMPUESTA POR LOS SIGUIENTES MIEMBROS: DON EDUARDO DE PAZ FUERTES, PRESIDENTE; DON RAFAEL MART\u00cdNEZ ROMERO, DON JOAQU\u00cdN NEBRA DOB\u00d3N Y DO\u00d1A JUANA ROMERO LLORENTE, VOCALES EN EL EXPEDIENTE PAB 457\/2002 VACLIZASA, EL D\u00cdA 31 DE DICIEMBRE DE 2002. &nbsp; ANTECEDENTES DE&hellip;<\/p>\n","protected":false},"author":2,"featured_media":0,"comment_status":"closed","ping_status":"closed","sticky":false,"template":"","format":"standard","meta":{"footnotes":""},"categories":[552,650,679],"tags":[],"class_list":["post-10484","post","type-post","status-publish","format-standard","hentry","category-2002-es","category-metodos-y-tiempos","category-produccion-a-actividad-normal","category-552","category-650","category-679","description-off"],"_links":{"self":[{"href":"https:\/\/www.tribulab.cat\/es\/wp-json\/wp\/v2\/posts\/10484","targetHints":{"allow":["GET"]}}],"collection":[{"href":"https:\/\/www.tribulab.cat\/es\/wp-json\/wp\/v2\/posts"}],"about":[{"href":"https:\/\/www.tribulab.cat\/es\/wp-json\/wp\/v2\/types\/post"}],"author":[{"embeddable":true,"href":"https:\/\/www.tribulab.cat\/es\/wp-json\/wp\/v2\/users\/2"}],"replies":[{"embeddable":true,"href":"https:\/\/www.tribulab.cat\/es\/wp-json\/wp\/v2\/comments?post=10484"}],"version-history":[{"count":0,"href":"https:\/\/www.tribulab.cat\/es\/wp-json\/wp\/v2\/posts\/10484\/revisions"}],"wp:attachment":[{"href":"https:\/\/www.tribulab.cat\/es\/wp-json\/wp\/v2\/media?parent=10484"}],"wp:term":[{"taxonomy":"category","embeddable":true,"href":"https:\/\/www.tribulab.cat\/es\/wp-json\/wp\/v2\/categories?post=10484"},{"taxonomy":"post_tag","embeddable":true,"href":"https:\/\/www.tribulab.cat\/es\/wp-json\/wp\/v2\/tags?post=10484"}],"curies":[{"name":"wp","href":"https:\/\/api.w.org\/{rel}","templated":true}]}}