{"id":10451,"date":"2012-03-13T11:28:05","date_gmt":"2012-03-13T10:28:05","guid":{"rendered":"https:\/\/sserver1.local\/pab-246-02\/"},"modified":"2024-01-10T07:53:00","modified_gmt":"2024-01-10T06:53:00","slug":"pab-246-02","status":"publish","type":"post","link":"https:\/\/www.tribulab.cat\/es\/pab-246-02\/","title":{"rendered":"PAB 246\/02"},"content":{"rendered":"<p style=\"text-align: justify;\">LAUDO ARBITRAL<\/p>\n<div style=\"text-align: justify;\">\n<p>&nbsp;<\/p>\n<p>DICTADO POR LA DELEGACI\u00d3N DE BARCELONA DEL TRIBUNAL LABORAL DE CATALUNYA, COMPUESTA POR LOS SIGUIENTES MIEMBROS: DON CARLOS DE PABLO TORRECILLA, PRESIDENTE; DON JOSEP GARC\u00cdA ARENY, DON JOAQU\u00cdN NEBRA DOB\u00d3N Y DON FRANCISCO GARC\u00cdA PEREA, VOCALES; EN EL EXPEDIENTE PAB 246\/2002 PLASTENA, EL D\u00cdA 25 DE JULIO DE 2002.<\/p>\n<p>&nbsp;<\/p>\n<p>ANTECEDENTES DE HECHO<\/p>\n<p align=\"left\">\n<p>PRIMERO:.- El d\u00eda 5 de Junio del a\u00f1o 2002, la representaci\u00f3n empresarial de PLASTENA, present\u00f3 Escrito Introductorio al tr\u00e1mite de Conciliaci\u00f3n y Mediaci\u00f3n ante este Tribunal Laboral de Catalunya, que fue registrado con el n\u00famero PCB 234\/2002.<\/p>\n<p>&nbsp;<\/p>\n<p>SEGUNDO:.- El tema sometido a conciliaci\u00f3n y mediaci\u00f3n, seg\u00fan consta en el escrito introductorio es el siguiente:<\/p>\n<p>&nbsp;<\/p>\n<p>Desacuerdo entre la Empresa y el Delegado de sobre la aplicaci\u00f3n del art\u00edculo 35 del Convenio.<\/p>\n<p>&nbsp;<\/p>\n<p>TERCERO:.- Debidamente citadas las partes fue intentada la Conciliaci\u00f3n\/Mediaci\u00f3n del Tribunal Laboral de Catalunya el d\u00eda 11 de Junio de 2002, la cual finaliza con el resultado de ACUERDO, en los t\u00e9rminos que a continuaci\u00f3n se transcriben:<\/p>\n<p>&nbsp;<\/p>\n<p>1.- Ambas partes se someten expresamente al tr\u00e1mite de arbitraje previsto en los art\u00edculos 15 y siguientes del Reglamento de Funcionamiento del Tribunal Laboral de Catalunya, y a tales efectos nombran por unanimidad a la propia Delegaci\u00f3n de Barcelona del Tribunal Laboral de Catalunya que ha conocido del procedimiento de Conciliaci\u00f3n\/Mediaci\u00f3n.<\/p>\n<p>&nbsp;<\/p>\n<p>2.- La cuesti\u00f3n a dirimir que es objeto del arbitraje al que se someten ambas representaciones se concreta en lo siguiente:<\/p>\n<p>&nbsp;<\/p>\n<p>\u201cTras el an\u00e1lisis de la situaci\u00f3n econ\u00f3mica-financiera de la empresa, se dan los elementos y circunstancias econ\u00f3micas necesarias para que la empresa pueda acogerse parcial o \u00edntegramente a lo previsto en el art\u00edculo 35 ( \u201c Inaplicaci\u00f3n del incremento pactado\u201d ) del Convenio General de la Industria Qu\u00edmica para el ejercicio 2002.<\/p>\n<p>&nbsp;<\/p>\n<p>3.- El arbitraje al que se someten ambas representaciones tiene calidad de arbitraje de derecho.<\/p>\n<p>&nbsp;<\/p>\n<\/div>\n<p style=\"text-align: justify;\">\n<div style=\"text-align: justify;\">\n<p>4.- Con la firma de la presente Acta de Conciliaci\u00f3n\/Mediaci\u00f3n que refleja el acuerdo entre las partes, se da por formalizado el Convenio Arbitral.<\/p>\n<p>&nbsp;<\/p>\n<p>5.- Con el presente acto de conciliaci\u00f3n se da cumplimiento al tr\u00e1mite de Audiencia previsto en el Reglamento de Funcionamiento del Tribunal Laboral de Catalunya.<\/p>\n<p>&nbsp;<\/p>\n<p>6.- La Delegaci\u00f3n de Barcelona del Tribunal Laboral de Catalunya solicitar\u00e1, en funci\u00f3n de las competencias asignadas por el Reglamento de Funcionamiento, informe pericial a la Comisi\u00f3n T\u00e9cnica de Econom\u00eda y Finanzas del propio Tribunal, que tendr\u00e1 la consideraci\u00f3n de documento interno para uso exclusivo de los miembros de la propia Delegaci\u00f3n, no formando parte, por tanto del presente expediente.<\/p>\n<p>&nbsp;<\/p>\n<p>La intervenci\u00f3n de los t\u00e9cnicos que componen la mencionada Comisi\u00f3n se ajustar\u00e1 a los par\u00e1metros l\u00f3gicos que deben configurar un informe pericial, sin que sea factible, por tanto, la realizaci\u00f3n de estudios de medici\u00f3n que representen una utilizaci\u00f3n del citado servicio en t\u00e9rminos superiores a los establecidos, es por esto, que \u00fanicamente podr\u00e1n realizar su dictamen\u00a0 t\u00e9cnico dentro de los l\u00edmites presupuestarios establecidos al respecto por el Patronato de la Fundaci\u00f3n Tribunal Laboral de Catalunya.<\/p>\n<p>&nbsp;<\/p>\n<p>7.- Ambas representaciones dejan constancia expresa de que el Laudo Arbitral que se dicte como consecuencia del arbitraje al que se someten voluntaria y expresamente, tendr\u00e1 efectos vinculantes de acuerdo con la legislaci\u00f3n vigente, comprometi\u00e9ndose a estar y pasar por lo que en \u00e9l se establezca.<\/p>\n<p>&nbsp;<\/p>\n<p>FUNDAMENTOS JUR\u00cdDICOS<\/p>\n<p>&nbsp;<\/p>\n<p>I) El Tribunal Laboral de Catalunya es competente para conocer y resolver el presente procedimiento arbitral, a tenor de lo previsto en el Acuerdo Interprofesional de Catalunya de 7 de noviembre de 1990, en el Reglamento de Funcionamiento del propio Tribunal y al amparo de lo establecido en los art\u00edculos 63 y 153 de la vigente Ley de Procedimiento Laboral.<\/p>\n<p>&nbsp;<\/p>\n<p>II) A tenor de lo previsto en el punto 8\u00ba del art\u00edculo 16 del Reglamento de Funcionamiento del Tribunal Laboral de Catalunya, \u00e9ste solicit\u00f3 a la Comisi\u00f3n T\u00e9cnica de Econom\u00eda y Finanzas del mismo, informe pericial sobre la controversia planteada.<\/p>\n<p>&nbsp;<\/p>\n<p>III) La Comisi\u00f3n T\u00e9cnica de Econom\u00eda y Finanzas del Tribunal Laboral de Catalunya se person\u00f3 en las instalaciones de la Empresa PLASTENA, los d\u00edas 21 de Junio y 1 de Julio de 2002, al objeto de obtener un entendimiento general de la situaci\u00f3n y explicaciones de los puntos m\u00e1s significativos de las Cuentas Anuales del 2000 y 2001.<\/p>\n<p>&nbsp;<\/p>\n<\/div>\n<p style=\"text-align: justify;\">\n<p style=\"text-align: justify;\">Como consecuencia de la documentaci\u00f3n que solicita la citada Comisi\u00f3n T\u00e9cnica, la representaci\u00f3n empresarial y la de los trabajadores, de mutuo acuerdo, acuerdan prorrogar la entrega del correspondiente informe t\u00e9cnico, primeramente para el d\u00eda 15 de Julio de 2002 y posteriormente, de forma definitiva, para el d\u00eda 22 de Julio del mismo a\u00f1o, en virtud de sendos\u00a0 documentos que constan en el expediente.<\/p>\n<p style=\"text-align: justify;\">\n<p style=\"text-align: justify;\">Por todo cuanto antecede, se dicta el siguiente<\/p>\n<p style=\"text-align: justify;\">\n<p style=\"text-align: justify;\">LAUDO<\/p>\n<p style=\"text-align: justify;\">\n<p style=\"text-align: justify;\">La Delegaci\u00f3n de Barcelona del Tribunal Laboral de Catalunya, tras el an\u00e1lisis de la situaci\u00f3n econ\u00f3mica-financiera de la empresa PLASTICOS ODENAS S.A., acuerda la inaplicaci\u00f3n parcial del incremento salarial pactado en el XIII Convenio General de la Industria Qu\u00edmica para el a\u00f1o 2002, cifrando dicho incremento en un 1% sobre la Masa Salarial Bruta correspondiente al a\u00f1o 2001.<\/p>\n<p style=\"text-align: justify;\">\n<p style=\"text-align: justify;\">El Laudo \u00fanicamente podr\u00e1 recurrirse ante los tribunales competentes por cuestiones relacionadas con el procedimiento (falta de citaci\u00f3n o de audiencia), aspectos formales de la resoluci\u00f3n arbitral (incongruencia) o vulneraci\u00f3n de los derechos fundamentales o del principio de norma m\u00ednima.<\/p>\n<p style=\"text-align: justify;\">\n<p style=\"text-align: justify;\">En el plazo de siete d\u00edas h\u00e1biles a contar desde la notificaci\u00f3n del laudo, cualquiera de las partes podr\u00e1 solicitar del \u00e1rbitro o\u00a0 \u00e1rbitros, la aclaraci\u00f3n de alguno de los puntos de aqu\u00e9l, que tendr\u00e1 que facilitarse en el plazo m\u00e1ximo de 10 d\u00edas h\u00e1biles.<\/p>\n<p style=\"text-align: justify;\">\n<p style=\"text-align: justify;\">El tr\u00e1mite de aclaraci\u00f3n faculta a cualquiera de las partes a solicitar del \u00e1rbitro o \u00e1rbitros, \u00fanica y exclusivamente, la adecuada matizaci\u00f3n o esclarecimiento de alguno de los puntos contenidos en el laudo, sin que, en ning\u00fan caso, tal facultad pueda ser utilizada para rebatir los posicionamientos reflejados en la resoluci\u00f3n arbitral.<\/p>\n<p style=\"text-align: justify;\">\n<p style=\"text-align: justify;\">\n<p style=\"text-align: justify;\">\n","protected":false},"excerpt":{"rendered":"<p>LAUDO ARBITRAL &nbsp; DICTADO POR LA DELEGACI\u00d3N DE BARCELONA DEL TRIBUNAL LABORAL DE CATALUNYA, COMPUESTA POR LOS SIGUIENTES MIEMBROS: DON CARLOS DE PABLO TORRECILLA, PRESIDENTE; DON JOSEP GARC\u00cdA ARENY, DON JOAQU\u00cdN NEBRA DOB\u00d3N Y DON FRANCISCO GARC\u00cdA PEREA, VOCALES; EN EL EXPEDIENTE PAB 246\/2002 PLASTENA, EL D\u00cdA 25 DE JULIO DE 2002. &nbsp; ANTECEDENTES DE&hellip;<\/p>\n","protected":false},"author":2,"featured_media":0,"comment_status":"closed","ping_status":"closed","sticky":false,"template":"","format":"standard","meta":{"footnotes":""},"categories":[552,618],"tags":[],"class_list":["post-10451","post","type-post","status-publish","format-standard","hentry","category-2002-es","category-inaplicacion-salarial","category-552","category-618","description-off"],"_links":{"self":[{"href":"https:\/\/www.tribulab.cat\/es\/wp-json\/wp\/v2\/posts\/10451","targetHints":{"allow":["GET"]}}],"collection":[{"href":"https:\/\/www.tribulab.cat\/es\/wp-json\/wp\/v2\/posts"}],"about":[{"href":"https:\/\/www.tribulab.cat\/es\/wp-json\/wp\/v2\/types\/post"}],"author":[{"embeddable":true,"href":"https:\/\/www.tribulab.cat\/es\/wp-json\/wp\/v2\/users\/2"}],"replies":[{"embeddable":true,"href":"https:\/\/www.tribulab.cat\/es\/wp-json\/wp\/v2\/comments?post=10451"}],"version-history":[{"count":0,"href":"https:\/\/www.tribulab.cat\/es\/wp-json\/wp\/v2\/posts\/10451\/revisions"}],"wp:attachment":[{"href":"https:\/\/www.tribulab.cat\/es\/wp-json\/wp\/v2\/media?parent=10451"}],"wp:term":[{"taxonomy":"category","embeddable":true,"href":"https:\/\/www.tribulab.cat\/es\/wp-json\/wp\/v2\/categories?post=10451"},{"taxonomy":"post_tag","embeddable":true,"href":"https:\/\/www.tribulab.cat\/es\/wp-json\/wp\/v2\/tags?post=10451"}],"curies":[{"name":"wp","href":"https:\/\/api.w.org\/{rel}","templated":true}]}}