{"id":10332,"date":"2012-03-12T15:51:20","date_gmt":"2012-03-12T14:51:20","guid":{"rendered":"https:\/\/sserver1.local\/pab-491-02\/"},"modified":"2024-01-10T07:53:57","modified_gmt":"2024-01-10T06:53:57","slug":"pab-491-02","status":"publish","type":"post","link":"https:\/\/www.tribulab.cat\/es\/pab-491-02\/","title":{"rendered":"PAB 491\/02"},"content":{"rendered":"<p style=\"text-align: justify;\">\u00a0LAUDO ARBITRAL<\/p>\n<div style=\"text-align: justify;\">\n<p align=\"center\">\n<p>DICTADO POR LA DELEGACI\u00d3N DE BARCELONA DEL TRIBUNAL LABORAL DE CATALUNYA, COMPUESTA POR LOS SIGUIENTES MIEMBROS: DON ANTONIO CAST\u00c1N SANCLEMENTE, PRESIDENTE; DO\u00d1A ENRIQUETA DELGADO BASTIA, DON FERNANDO ALBISU CODINA\u00a0 Y DO\u00d1A MARISOL MORALES DE CANO,\u00a0 VOCALES EN EL EXPEDIENTE PAB 491\/2002 S. E., S.A., EL D\u00cdA 21 DE ENERO DE 2003.<\/p>\n<p>&nbsp;<\/p>\n<p align=\"center\">ANTECEDENTES DE HECHO<\/p>\n<p>&nbsp;<\/p>\n<p>PRIMERO:.- El d\u00eda 5 de Diciembre del a\u00f1o 2003, el Comit\u00e9 de Empresa de S. E., S.A., present\u00f3 Escrito Introductorio al tr\u00e1mite de Conciliaci\u00f3n y Mediaci\u00f3n ante este Tribunal Laboral de Catalunya, que fue registrado con el n\u00famero PCB 478\/2002.<\/p>\n<p>&nbsp;<\/p>\n<p>SEGUNDO:.- El tema sometido a conciliaci\u00f3n y mediaci\u00f3n, seg\u00fan consta en el escrito introductorio es el siguiente:<\/p>\n<p>&nbsp;<\/p>\n<p>Despu\u00e9s de la modificaci\u00f3n por parte de la Empresa de los sistemas productivos de la misma, con la consecuente modificaci\u00f3n de tiempos en los distintos puestos de trabajo. Ante la nula posibilidad de acuerdo entre las distintas partes de la Comisi\u00f3n de M\u00e9todos y Tiempos, este Comit\u00e9 solicita la mediaci\u00f3n del Tribunal Laboral de Catalunya en los siguientes puestos:<\/p>\n<p>&nbsp;<\/p>\n<p>1.- Fase llenado aceite modelo HMCB2-007-00<\/p>\n<p>2.- Fase moldeo dep\u00f3sitos medianos secci\u00f3n de fundici\u00f3n.<\/p>\n<p>3.- Cabinas de pintura modelos medianos y grandes.<\/p>\n<p>4.- Fase de limpiar, medir y encajar modelos B0190-009-00 y similares.<\/p>\n<p>&nbsp;<\/p>\n<p>TERCERO:.- Debidamente citadas las partes fue intentada la Mediaci\u00f3n-Conciliaci\u00f3n del Tribunal Laboral de Catalunya,\u00a0 el d\u00eda 11 de Diciembre de 2002, la cual finaliza con el resultado de ACUERDO, en los t\u00e9rminos que a continuaci\u00f3n se transcriben:<\/p>\n<p>&nbsp;<\/p>\n<p>PRIMERO.-\u00a0 Ambas partes se someten expresamente al tr\u00e1mite de arbitraje previsto en los art\u00edculos 15 y siguientes del Reglamento de Funcionamiento del Tribunal Laboral de Catalunya, y a tales efectos nombran por unanimidad a la propia Delegaci\u00f3n de Barcelona del Tribunal Laboral de Catalunya que ha conocido del procedimiento de Conciliaci\u00f3n\/Mediaci\u00f3n.<\/p>\n<p>&nbsp;<\/p>\n<p>SEGUNDO.- La cuesti\u00f3n a dirimir que es objeto del arbitraje al que se someten ambas representaciones se concreta en lo siguiente:<\/p>\n<p>&nbsp;<\/p>\n<p>Determinar la producci\u00f3n a actividad normal de las siguientes referencias:<\/p>\n<\/div>\n<p style=\"text-align: justify;\">\n<div style=\"text-align: justify;\">\n<p>1.- Fase Llenado Aceite Modelo HMCB2-007-00.<\/p>\n<p>&nbsp;<\/p>\n<p>2.- Fase Moldeo Dep\u00f3sitos Medianos Secci\u00f3n de Fundici\u00f3n (al existir varias referencias similares, la Comisi\u00f3n T\u00e9cnica de Organizaci\u00f3n del Trabajo del Tribunal Laboral de Catalunya, medir\u00e1 la que est\u00e9 en fase de producci\u00f3n en la fecha en que la citada Comisi\u00f3n se persone en la Empresa para efectuar el correspondiente informe)<\/p>\n<p>&nbsp;<\/p>\n<p>3.- Cabinas de Pintura Modelos Medianos (B-0190) y Grandes<\/p>\n<p>(B-0230).<\/p>\n<p>&nbsp;<\/p>\n<p>4.- Fase de Limpiar, Medir y Encajar Modelos B0190-009-00 o HMBZ o HMCB.<\/p>\n<p>&nbsp;<\/p>\n<p>TERCERO.- El arbitraje al que se someten ambas representaciones tiene calidad de arbitraje de derecho.<\/p>\n<p>&nbsp;<\/p>\n<p>CUARTO.- Con la firma de la presente Acta de Conciliaci\u00f3n\/Mediaci\u00f3n que refleja el acuerdo entre las partes, se da por formalizado el Convenio Arbitral.<\/p>\n<p>&nbsp;<\/p>\n<p>QUINTO.- Con el presente acto de conciliaci\u00f3n se da cumplimiento al tr\u00e1mite de Audiencia previsto en el Reglamento de Funcionamiento del Tribunal Laboral de Catalunya.<\/p>\n<p>&nbsp;<\/p>\n<p>SEXTO.- \u00a0La Delegaci\u00f3n de Barcelona del Tribunal Laboral de Catalunya solicitar\u00e1, en funci\u00f3n de las competencias asignadas por el Reglamento de Funcionamiento, informe pericial a la Comisi\u00f3n T\u00e9cnica de Organizaci\u00f3n del Trabajo del propio Tribunal, que tendr\u00e1 la consideraci\u00f3n de documento interno para uso exclusivo de los miembros de la propia Delegaci\u00f3n, no formando parte, por tanto del presente expediente.<\/p>\n<p>&nbsp;<\/p>\n<p>La Delegaci\u00f3n de Barcelona del Tribunal Laboral de Catalunya comunica a ambas representaciones que los miembros de la Comisi\u00f3n T\u00e9cnica de Organizaci\u00f3n del Trabajo designados para confeccionar el citado informe ser\u00e1n los Srs. Albert Call\u00eds Cabr\u00e9 y Mart\u00edn Ribas S\u00e1nchez.<\/p>\n<p>&nbsp;<\/p>\n<p>Ambas partes disponen del plazo de 24 horas a partir de la fecha de hoy, para comunicar por escrito a este Tribunal la existencia de alguna posible incompatibilidad, en su caso debidamente fundada, de los t\u00e9cnicos designados.<\/p>\n<p>&nbsp;<\/p>\n<\/div>\n<p style=\"text-align: justify;\">\n<div style=\"text-align: justify;\">\n<p>La intervenci\u00f3n de los t\u00e9cnicos que componen la mencionada Comisi\u00f3n se ajustar\u00e1 a los par\u00e1metros l\u00f3gicos que deben configurar un informe pericial, sin que sea factible, por tanto, la realizaci\u00f3n de estudios de medici\u00f3n que representen una utilizaci\u00f3n del citado servicio en t\u00e9rminos superiores a los establecidos, es por esto, que \u00fanicamente podr\u00e1n realizar su dictamen\u00a0 t\u00e9cnico dentro de los l\u00edmites presupuestarios establecidos al respecto por el Patronato de la Fundaci\u00f3n Tribunal Laboral de Catalunya.<\/p>\n<p>&nbsp;<\/p>\n<p>S\u00c9PTIMO.- Ambas representaciones dejan constancia expresa de que el Laudo Arbitral que se dicte como consecuencia del arbitraje al que se someten voluntaria y expresamente, tendr\u00e1 efectos vinculantes de acuerdo con la legislaci\u00f3n vigente, comprometi\u00e9ndose a estar y pasar por lo que en \u00e9l se establezca.<\/p>\n<p>&nbsp;<\/p>\n<p align=\"center\">FUNDAMENTOS JUR\u00cdDICOS<\/p>\n<p>&nbsp;<\/p>\n<p>I) El Tribunal Laboral de Catalunya es competente para conocer y resolver el presente procedimiento arbitral, a tenor de lo previsto en el Acuerdo Interprofesional de Catalunya de 7 de noviembre de 1990, en el Reglamento de Funcionamiento del propio Tribunal y al amparo de lo establecido en los art\u00edculos 63 y 153 de la vigente Ley de Procedimiento Laboral.<\/p>\n<p>&nbsp;<\/p>\n<p>II) A tenor de lo previsto en el punto 8\u00ba del art\u00edculo 16 del Reglamento de Funcionamiento del Tribunal Laboral de Catalunya, \u00e9ste solicit\u00f3 a la Comisi\u00f3n T\u00e9cnica de Organizaci\u00f3n del Trabajo del mismo, informe pericial sobre la controversia planteada.<\/p>\n<p>&nbsp;<\/p>\n<p>III) La Direcci\u00f3n y el Comit\u00e9 de Empresa de S. E., S.A., mediante documento registrado en este Tribunal el d\u00eda 18 de Diciembre de 2002, acuerdan prorrogar el plazo de entrega del informe para el d\u00eda 17 de Enero de 2003.<\/p>\n<p>&nbsp;<\/p>\n<p>La Comisi\u00f3n T\u00e9cnica de Organizaci\u00f3n del Tribunal Laboral de Catalunya se person\u00f3 en la Empresa los d\u00edas 3 y 9 de Enero de 2003 con objeto de realizar el trabajo de campo, reunirse con las partes para concretar los aspectos en discusi\u00f3n de los estudios a realizar y recabar informaci\u00f3n para realizar las tomas de cronometrajes necesarias.<\/p>\n<p>&nbsp;<\/p>\n<p>Por todo cuanto antecede, se dicta el siguiente:<\/p>\n<p align=\"center\">\n<p align=\"center\">LAUDO<\/p>\n<p align=\"center\">\n<p>La producci\u00f3n a actividad normal de las referencias Fase Llenado Aceite Modelo HMCB2-007-00; Fase Moldeo Dep\u00f3sitos Medianos Secci\u00f3n de Fundici\u00f3n (al existir varias referencias similares, la Comisi\u00f3n T\u00e9cnica de Organizaci\u00f3n del Trabajo del Tribunal Laboral de Catalunya, medir\u00e1 la que est\u00e9 en fase de producci\u00f3n en la fecha en que la citada Comisi\u00f3n se persone en la Empresa para efectuar el correspondiente informe); Cabinas de Pintura Modelos Medianos (B-0190) y Grandes (B-0230); Fase de Limpiar, Medir y Encajar Modelos B0190-009-00 o HMBZ o HMCB , es la siguiente:<\/p>\n<\/div>\n<p style=\"text-align: justify;\">\n<div style=\"text-align: justify;\">\n<div align=\"center\">\n<table border=\"0\" cellspacing=\"0\" cellpadding=\"0\">\n<tbody>\n<tr>\n<td valign=\"top\" width=\"328\">&nbsp;<\/p>\n<p align=\"center\">REFERENCIA<\/p>\n<\/td>\n<td valign=\"top\" width=\"328\">&nbsp;<\/p>\n<p align=\"center\">PRODUCCI\u00d3N HORARIA<\/p>\n<p align=\"center\">A ACTIVIDAD NORMAL<\/p>\n<\/td>\n<\/tr>\n<tr>\n<td valign=\"top\" width=\"328\">&nbsp;<\/p>\n<p align=\"center\">Fase Llenado Aceite<\/p>\n<p align=\"center\">Modelo HMCB2-007-00<\/p>\n<\/td>\n<td valign=\"top\" width=\"328\">&nbsp;<\/p>\n<p align=\"center\">67,95<\/p>\n<\/td>\n<\/tr>\n<tr>\n<td valign=\"top\" width=\"328\">&nbsp;<\/p>\n<p align=\"center\">Fase Moldeo Dep\u00f3sitos Medianos Secci\u00f3n Fundici\u00f3n<\/p>\n<\/td>\n<td valign=\"top\" width=\"328\">&nbsp;<\/p>\n<p align=\"center\">24,90<\/p>\n<\/td>\n<\/tr>\n<tr>\n<td valign=\"top\" width=\"328\">&nbsp;<\/p>\n<p align=\"center\">Cabinas de Pintura Modelos Medianos<\/p>\n<\/td>\n<td valign=\"top\" width=\"328\">&nbsp;<\/p>\n<p align=\"center\">632,34<\/p>\n<\/td>\n<\/tr>\n<tr>\n<td valign=\"top\" width=\"328\">&nbsp;<\/p>\n<p align=\"center\">Cabinas de Pintura Modelos Grandes<\/p>\n<\/td>\n<td valign=\"top\" width=\"328\">&nbsp;<\/p>\n<p align=\"center\">245,39<\/p>\n<\/td>\n<\/tr>\n<tr>\n<td valign=\"top\" width=\"328\">&nbsp;<\/p>\n<p align=\"center\">Fase Limpiar, Medir y Encajar<\/p>\n<p align=\"center\">Modelo B0190-009-00<\/p>\n<\/td>\n<td valign=\"top\" width=\"328\">&nbsp;<\/p>\n<p align=\"center\">173,41<\/p>\n<\/td>\n<\/tr>\n<\/tbody>\n<\/table>\n<\/div>\n<p>&nbsp;<\/p>\n<p>El Laudo \u00fanicamente podr\u00e1 recurrirse ante los tribunales competentes por cuestiones relacionadas con el procedimiento (falta de citaci\u00f3n o de audiencia), aspectos formales de la resoluci\u00f3n arbitral (incongruencia) o vulneraci\u00f3n de los derechos fundamentales o del principio de norma m\u00ednima.<\/p>\n<p>&nbsp;<\/p>\n<p>En el plazo de siete d\u00edas h\u00e1biles a contar desde la notificaci\u00f3n del laudo, cualquiera de las partes podr\u00e1 solicitar del \u00e1rbitro o\u00a0 \u00e1rbitros, la aclaraci\u00f3n de alguno de los puntos de aqu\u00e9l, que tendr\u00e1 que facilitarse en el plazo m\u00e1ximo de 10 d\u00edas h\u00e1biles.<\/p>\n<p>&nbsp;<\/p>\n<p>El tr\u00e1mite de aclaraci\u00f3n faculta a cualquiera de las partes a solicitar del \u00e1rbitro o \u00e1rbitros, \u00fanica y exclusivamente, la adecuada matizaci\u00f3n o esclarecimiento de alguno de los puntos contenidos en el laudo, sin que, en ning\u00fan caso, tal facultad pueda ser utilizada para rebatir los posicionamientos reflejados en la resoluci\u00f3n arbitral.<\/p>\n<p>&nbsp;<\/p>\n<table border=\"0\" cellspacing=\"0\" cellpadding=\"0\">\n<tbody>\n<tr>\n<td valign=\"top\" width=\"318\">&nbsp;<\/p>\n<p>&nbsp;<\/p>\n<p>&nbsp;<\/p>\n<p>&nbsp;<\/p>\n<p>&nbsp;<\/p>\n<p>&nbsp;<\/p>\n<p>&nbsp;<\/td>\n<td valign=\"top\" width=\"336\">&nbsp;<\/p>\n<p>&nbsp;<\/td>\n<\/tr>\n<tr>\n<td valign=\"bottom\" width=\"318\">&nbsp;<\/p>\n<p align=\"center\">Antonio Cast\u00e1n Sanclemente<\/p>\n<\/td>\n<td valign=\"bottom\" width=\"336\">&nbsp;<\/p>\n<p align=\"center\">Enriqueta Delgado Bastia<\/p>\n<\/td>\n<\/tr>\n<tr>\n<td valign=\"top\" width=\"318\">&nbsp;<\/p>\n<p>&nbsp;<\/p>\n<p>&nbsp;<\/p>\n<p>&nbsp;<\/p>\n<p>&nbsp;<\/p>\n<p>&nbsp;<\/td>\n<td valign=\"top\" width=\"336\">&nbsp;<\/p>\n<p>&nbsp;<\/td>\n<\/tr>\n<tr>\n<td valign=\"bottom\" width=\"318\">&nbsp;<\/p>\n<p align=\"center\">Fernando Albisu Codina<\/p>\n<\/td>\n<td valign=\"bottom\" width=\"336\">&nbsp;<\/p>\n<p align=\"center\">Marisol Morales de Cano<\/p>\n<\/td>\n<\/tr>\n<\/tbody>\n<\/table>\n<p>&nbsp;<\/p>\n<\/div>\n<p style=\"text-align: justify;\">\n<div style=\"text-align: justify;\">\n<p>&nbsp;<\/p>\n<p>&nbsp;<\/p>\n<p>&nbsp;<\/p>\n<\/div>\n<p style=\"text-align: justify;\">\n","protected":false},"excerpt":{"rendered":"<p>\u00a0LAUDO ARBITRAL DICTADO POR LA DELEGACI\u00d3N DE BARCELONA DEL TRIBUNAL LABORAL DE CATALUNYA, COMPUESTA POR LOS SIGUIENTES MIEMBROS: DON ANTONIO CAST\u00c1N SANCLEMENTE, PRESIDENTE; DO\u00d1A ENRIQUETA DELGADO BASTIA, DON FERNANDO ALBISU CODINA\u00a0 Y DO\u00d1A MARISOL MORALES DE CANO,\u00a0 VOCALES EN EL EXPEDIENTE PAB 491\/2002 S. E., S.A., EL D\u00cdA 21 DE ENERO DE 2003. &nbsp; ANTECEDENTES&hellip;<\/p>\n","protected":false},"author":2,"featured_media":0,"comment_status":"closed","ping_status":"closed","sticky":false,"template":"","format":"standard","meta":{"footnotes":""},"categories":[552,650],"tags":[],"class_list":["post-10332","post","type-post","status-publish","format-standard","hentry","category-2002-es","category-metodos-y-tiempos","category-552","category-650","description-off"],"_links":{"self":[{"href":"https:\/\/www.tribulab.cat\/es\/wp-json\/wp\/v2\/posts\/10332","targetHints":{"allow":["GET"]}}],"collection":[{"href":"https:\/\/www.tribulab.cat\/es\/wp-json\/wp\/v2\/posts"}],"about":[{"href":"https:\/\/www.tribulab.cat\/es\/wp-json\/wp\/v2\/types\/post"}],"author":[{"embeddable":true,"href":"https:\/\/www.tribulab.cat\/es\/wp-json\/wp\/v2\/users\/2"}],"replies":[{"embeddable":true,"href":"https:\/\/www.tribulab.cat\/es\/wp-json\/wp\/v2\/comments?post=10332"}],"version-history":[{"count":0,"href":"https:\/\/www.tribulab.cat\/es\/wp-json\/wp\/v2\/posts\/10332\/revisions"}],"wp:attachment":[{"href":"https:\/\/www.tribulab.cat\/es\/wp-json\/wp\/v2\/media?parent=10332"}],"wp:term":[{"taxonomy":"category","embeddable":true,"href":"https:\/\/www.tribulab.cat\/es\/wp-json\/wp\/v2\/categories?post=10332"},{"taxonomy":"post_tag","embeddable":true,"href":"https:\/\/www.tribulab.cat\/es\/wp-json\/wp\/v2\/tags?post=10332"}],"curies":[{"name":"wp","href":"https:\/\/api.w.org\/{rel}","templated":true}]}}