{"id":10324,"date":"2012-03-12T15:29:09","date_gmt":"2012-03-12T14:29:09","guid":{"rendered":"https:\/\/sserver1.local\/pab-484-04\/"},"modified":"2024-01-10T07:54:00","modified_gmt":"2024-01-10T06:54:00","slug":"pab-484-04","status":"publish","type":"post","link":"https:\/\/www.tribulab.cat\/es\/pab-484-04\/","title":{"rendered":"PAB 484\/04"},"content":{"rendered":"<p style=\"text-align: justify;\">\u00a0LAUDO ARBITRAL<\/p>\n<p style=\"text-align: justify;\">DICTADO\u00a0 POR LA DELEGACI\u00d3N DE BARCELONA DEL TRIBUNAL LABORAL DE CATALUNYA, COMPUESTA POR LOS SIGUIENTES MIEMBROS: DON ANTONIO CAST\u00c1N SANCLEMENTE, PRESIDENTE; DO\u00d1A ENRIQUETA DELGADO BASTIA; DON MIQUEL PORRET GELABERT Y DON JUAN JOS\u00c9 MECA SAAVEDRA, VOCALES EN EL EXPEDIENTE PAB 484\/2004 ( V. C., S.A.), EL D\u00cdA 1 DE DICIEMBRE DE 2004.<\/p>\n<p style=\"text-align: justify;\" align=\"center\">ANTECEDENTES DE HECHO<\/p>\n<p style=\"text-align: justify;\">PRIMERO:.- El d\u00eda 29 de Octubre de 2004, el Sr. C. C. C., en calidad de miembro del Comit\u00e9 de Empresa de V. C., S.A., present\u00f3 Escrito Introductorio al tr\u00e1mite de Conciliaci\u00f3n y Mediaci\u00f3n ante este Tribunal Laboral de Catalunya, que fue registrado con el n\u00famero PCB 463\/2004.<\/p>\n<p style=\"text-align: justify;\">SEGUNDO:.- El tema sometido a conciliaci\u00f3n y mediaci\u00f3n, seg\u00fan consta en el escrito introductorio es el siguiente:<\/p>\n<p style=\"text-align: justify;\">En la linea I 206, modelo del aparato C&#8230;. aire acondicionado conducci\u00f3n derecha, referencia 033659 D, proceso pieza a pieza. Creemos que los operarios\/as est\u00e1n trabajando por encima del rendimiento 100 (sin incidencias), en toda la l\u00ednea, o en alg\u00fan tramo determinado.<\/p>\n<p style=\"text-align: justify;\">Consta en el expediente autorizaci\u00f3n del Sr. M. Z. G., en calidad de Presidente del Comit\u00e9 de Empresa en favor de los asistentes a este acto como miembros de la Comisi\u00f3n Paritaria de Tiempos de dicho Comit\u00e9 de Empresa.<\/p>\n<p style=\"text-align: justify;\">\u00a0\u00a0\u00a0\u00a0\u00a0\u00a0\u00a0 TERCERO:.- Debidamente citadas las partes fue intentada la Mediaci\u00f3n-Conciliaci\u00f3n del Tribunal Laboral de Catalunya, el d\u00eda 8 de Noviembre de 2004, la cual finaliza con el resultado de ACUERDO, en los siguientes t\u00e9rminos:<\/p>\n<p style=\"text-align: justify;\">1.- Ambas partes se someten expresamente al tr\u00e1mite de arbitraje previsto en los art\u00edculos 15 y siguientes del Reglamento de Funcionamiento del Tribunal Laboral de Catalunya, y a tales efectos nombran por unanimidad a la propia Delegaci\u00f3n de Barcelona del Tribunal Laboral de Catalunya que ha conocido el procedimiento de Conciliaci\u00f3n\/Mediaci\u00f3n.<\/p>\n<p style=\"text-align: justify;\">2.- La cuesti\u00f3n a dirimir que es objeto del arbitraje al que se someten ambas representaciones se concreta en lo siguiente:<\/p>\n<p style=\"text-align: justify;\">\u201cDeterminar la producci\u00f3n por persona y jornada de 7,08 horas a rendimiento 100 sin incidencias de la L\u00ednea I 206 modelo C&#8230;. aire acondicionado conducci\u00f3n derecha, referencia 033659 D proceso pieza a pieza, adecuando la velocidad de la l\u00ednea al rendimiento 100\u201d.<\/p>\n<p style=\"text-align: justify;\">3.- El arbitraje al que se someten ambas representaciones tiene calidad de arbitraje de derecho.<\/p>\n<p style=\"text-align: justify;\">4.- Con la firma de la presente Acta de Conciliaci\u00f3n\/Mediaci\u00f3n que refleja el acuerdo entre las partes, se da por formalizado el Convenio Arbitral.<\/p>\n<p style=\"text-align: justify;\">5.- Con el presente acto de conciliaci\u00f3n se da cumplimiento al tr\u00e1mite de Audiencia previsto en el Reglamento de Funcionamiento del Tribunal Laboral de Catalunya.<\/p>\n<p style=\"text-align: justify;\">6.- La Delegaci\u00f3n de Barcelona del Tribunal Laboral de Catalunya solicitar\u00e1, en funci\u00f3n de las competencias asignadas por el Reglamento de Funcionamiento, informe pericial a la Comisi\u00f3n T\u00e9cnica de Organizaci\u00f3n del Trabajo del propio Tribunal, que tendr\u00e1 la consideraci\u00f3n de documento interno para uso exclusivo de los miembros de la propia Delegaci\u00f3n, no formando parte, por tanto del presente expediente.<\/p>\n<p style=\"text-align: justify;\">La Delegaci\u00f3n de Barcelona del Tribunal Laboral de Catalunya comunica a ambas representaciones que los miembros de la Comisi\u00f3n T\u00e9cnica de Organizaci\u00f3n del Trabajo designados para confeccionar el citado informe ser\u00e1n los Srs. Llu\u00eds Gabarr\u00f3 Colillas y Joaquim Nogu\u00e9s Llagostera.<\/p>\n<p style=\"text-align: justify;\">Ambas partes disponen del plazo de 24 horas a partir de la fecha de hoy, para comunicar por escrito a este Tribunal la existencia de alguna posible incompatibilidad, en su caso debidamente fundada, de los t\u00e9cnicos designados.<\/p>\n<p style=\"text-align: justify;\">La intervenci\u00f3n de los t\u00e9cnicos que componen la mencionada Comisi\u00f3n se ajustar\u00e1 a los par\u00e1metros l\u00f3gicos que deben configurar un informe pericial, sin que sea factible, por tanto, la realizaci\u00f3n de estudios de medici\u00f3n que representen una utilizaci\u00f3n del citado servicio en t\u00e9rminos superiores a los establecidos, es por esto, que \u00fanicamente podr\u00e1n realizar su dictamen\u00a0 t\u00e9cnico dentro de los l\u00edmites presupuestarios establecidos al respecto por el Patronato de la Fundaci\u00f3n Tribunal Laboral de Catalunya.<\/p>\n<p style=\"text-align: justify;\">\u00a0 7.- Ambas representaciones dejan constancia expresa de que el Laudo Arbitral que se dicte como consecuencia del arbitraje al que se someten voluntaria y expresamente, tendr\u00e1 efectos vinculantes de acuerdo con la legislaci\u00f3n vigente, comprometi\u00e9ndose a estar y pasar por lo que en \u00e9l se establezca.<\/p>\n<p style=\"text-align: justify;\" align=\"center\">FUNDAMENTOS JUR\u00cdDICOS<\/p>\n<p style=\"text-align: justify;\"><strong>I)\u00a0\u00a0\u00a0\u00a0\u00a0\u00a0 <\/strong>El Tribunal Laboral de Catalunya es competente para conocer y resolver el presente procedimiento arbitral, a tenor de lo previsto en el Acuerdo Interprofesional de Catalunya de 7 de noviembre de 1990, en el Reglamento de Funcionamiento del propio Tribunal y al<\/p>\n<p style=\"text-align: justify;\">amparo de lo establecido en los art\u00edculos 63 y 153 de la vigente Ley de Procedimiento Laboral.<\/p>\n<p style=\"text-align: justify;\">II) A tenor de lo previsto en el punto 8\u00ba del art\u00edculo 16 del Reglamento de Funcionamiento del Tribunal Laboral de Catalunya, \u00e9ste solicit\u00f3 a la Comisi\u00f3n T\u00e9cnica de Organizaci\u00f3n del Trabajo del mismo, informe pericial sobre la controversia planteada.<\/p>\n<p style=\"text-align: justify;\">III) La Comisi\u00f3n T\u00e9cnica de Organizaci\u00f3n del Trabajo del Tribunal Laboral de Catalunya se person\u00f3, en los locales de la Empresa, los d\u00edas 17 y 22 de Noviembre de 2004, al objeto de proceder a la medici\u00f3n solicitada. Para ello se mantuvo una reuni\u00f3n conjunta con representantes de la empresa y representantes de los trabajadores, realiz\u00e1ndose, a su vez, la correspondiente toma de datos en Taller.<\/p>\n<p style=\"text-align: justify;\">Por todo cuanto antecede, se dicta el siguiente:<\/p>\n<p style=\"text-align: justify;\" align=\"center\">LAUDO<\/p>\n<p style=\"text-align: justify;\">La Producci\u00f3n por persona y jornada de 7,08 horas al rendimiento 100 sin incidencias de la L\u00ednea I 206 modelo C&#8230;. aire acondicionado conducci\u00f3n derecha, referencia 033659 D, es de 39,4 aparatos.<\/p>\n<p style=\"text-align: justify;\">La velocidad de la L\u00ednea al rendimiento 100 debe ser de 0,0263 metros\/segundo equivalente a 38 segundos\/metro.<\/p>\n<p style=\"text-align: justify;\">Nota: Los elementos<\/p>\n<table border=\"0\" cellspacing=\"0\" cellpadding=\"0\">\n<tbody>\n<tr>\n<td valign=\"top\" width=\"113\">\n<p align=\"center\">&#8211; 26<\/p>\n<\/td>\n<td valign=\"top\" width=\"496\">Abrir gabia quitando tapa de cart\u00f3n.<\/td>\n<\/tr>\n<tr>\n<td valign=\"top\" width=\"113\">\n<p align=\"center\">&#8211; 27<\/p>\n<\/td>\n<td valign=\"top\" width=\"496\">Apartar gabia, colocar cartones en interior y cierra portezuela.<\/td>\n<\/tr>\n<tr>\n<td valign=\"top\" width=\"113\">\n<p align=\"center\">&#8211; 28<\/p>\n<\/td>\n<td valign=\"top\" width=\"496\">Acercar gabia a puesto de trabajo.<\/td>\n<\/tr>\n<tr>\n<td valign=\"top\" width=\"113\">\n<p align=\"center\">&#8211; 30<\/p>\n<\/td>\n<td valign=\"top\" width=\"496\">Quitar cart\u00f3n separador carcasas en gabia, dejando en lateral.<\/td>\n<\/tr>\n<\/tbody>\n<\/table>\n<p style=\"text-align: justify;\">que se realizan cada 18 aparatos, significan un incremento de la fase de premontaje del 166 %. Esta circunstancia provoca retrasos estructurales de la l\u00ednea, por lo que \u00e9stos deben ser efectuados por personal indirecto.<\/p>\n<p style=\"text-align: justify;\">El Laudo \u00fanicamente podr\u00e1 recurrirse ante los tribunales competentes por cuestiones relacionadas con el procedimiento (falta de citaci\u00f3n o de audiencia), aspectos formales de la resoluci\u00f3n arbitral (incongruencia) o vulneraci\u00f3n de los derechos fundamentales o del principio de norma m\u00ednima.<\/p>\n<p style=\"text-align: justify;\">En el plazo de siete d\u00edas h\u00e1biles a contar desde la notificaci\u00f3n del laudo, cualquiera de las partes podr\u00e1 solicitar del \u00e1rbitro o\u00a0 \u00e1rbitros, la aclaraci\u00f3n de alguno de los puntos de aqu\u00e9l, que tendr\u00e1 que facilitarse en el plazo m\u00e1ximo de 10 d\u00edas h\u00e1biles.<\/p>\n<p style=\"text-align: justify;\">El tr\u00e1mite de aclaraci\u00f3n faculta a cualquiera de las partes a solicitar del \u00e1rbitro o \u00e1rbitros, \u00fanica y exclusivamente, la adecuada matizaci\u00f3n o esclarecimiento de alguno de los puntos<\/p>\n<p style=\"text-align: justify;\">contenidos en el laudo, sin que, en ning\u00fan caso, tal facultad pueda ser utilizada para rebatir los posicionamientos reflejados en la resoluci\u00f3n arbitral.<\/p>\n<table border=\"0\" cellspacing=\"0\" cellpadding=\"0\">\n<tbody>\n<tr>\n<td valign=\"top\" width=\"300\">&nbsp;<\/p>\n<p>&nbsp;<\/p>\n<p>&nbsp;<\/td>\n<td valign=\"top\" width=\"341\"><\/td>\n<\/tr>\n<tr>\n<td width=\"300\">\n<p align=\"center\">Antonio Cast\u00e1n Sanclemente<\/p>\n<\/td>\n<td width=\"341\">Miquel Porret Gelabert<\/td>\n<\/tr>\n<tr>\n<td width=\"300\"><\/td>\n<td width=\"341\"><\/td>\n<\/tr>\n<tr>\n<td width=\"300\">Juan Jos\u00e9 Meca Savedra<\/td>\n<td width=\"341\">Enriqueta Delgado Bastia<\/td>\n<\/tr>\n<\/tbody>\n<\/table>\n","protected":false},"excerpt":{"rendered":"<p>\u00a0LAUDO ARBITRAL DICTADO\u00a0 POR LA DELEGACI\u00d3N DE BARCELONA DEL TRIBUNAL LABORAL DE CATALUNYA, COMPUESTA POR LOS SIGUIENTES MIEMBROS: DON ANTONIO CAST\u00c1N SANCLEMENTE, PRESIDENTE; DO\u00d1A ENRIQUETA DELGADO BASTIA; DON MIQUEL PORRET GELABERT Y DON JUAN JOS\u00c9 MECA SAAVEDRA, VOCALES EN EL EXPEDIENTE PAB 484\/2004 ( V. C., S.A.), EL D\u00cdA 1 DE DICIEMBRE DE 2004. ANTECEDENTES&hellip;<\/p>\n","protected":false},"author":2,"featured_media":0,"comment_status":"closed","ping_status":"closed","sticky":false,"template":"","format":"standard","meta":{"footnotes":""},"categories":[554],"tags":[],"class_list":["post-10324","post","type-post","status-publish","format-standard","hentry","category-2004-es","category-554","description-off"],"_links":{"self":[{"href":"https:\/\/www.tribulab.cat\/es\/wp-json\/wp\/v2\/posts\/10324","targetHints":{"allow":["GET"]}}],"collection":[{"href":"https:\/\/www.tribulab.cat\/es\/wp-json\/wp\/v2\/posts"}],"about":[{"href":"https:\/\/www.tribulab.cat\/es\/wp-json\/wp\/v2\/types\/post"}],"author":[{"embeddable":true,"href":"https:\/\/www.tribulab.cat\/es\/wp-json\/wp\/v2\/users\/2"}],"replies":[{"embeddable":true,"href":"https:\/\/www.tribulab.cat\/es\/wp-json\/wp\/v2\/comments?post=10324"}],"version-history":[{"count":0,"href":"https:\/\/www.tribulab.cat\/es\/wp-json\/wp\/v2\/posts\/10324\/revisions"}],"wp:attachment":[{"href":"https:\/\/www.tribulab.cat\/es\/wp-json\/wp\/v2\/media?parent=10324"}],"wp:term":[{"taxonomy":"category","embeddable":true,"href":"https:\/\/www.tribulab.cat\/es\/wp-json\/wp\/v2\/categories?post=10324"},{"taxonomy":"post_tag","embeddable":true,"href":"https:\/\/www.tribulab.cat\/es\/wp-json\/wp\/v2\/tags?post=10324"}],"curies":[{"name":"wp","href":"https:\/\/api.w.org\/{rel}","templated":true}]}}