{"id":10322,"date":"2012-03-12T15:27:37","date_gmt":"2012-03-12T14:27:37","guid":{"rendered":"https:\/\/sserver1.local\/pab-410-04\/"},"modified":"2024-01-10T07:54:01","modified_gmt":"2024-01-10T06:54:01","slug":"pab-410-04","status":"publish","type":"post","link":"https:\/\/www.tribulab.cat\/es\/pab-410-04\/","title":{"rendered":"PAB 410\/04"},"content":{"rendered":"<p style=\"text-align: justify;\">\u00a0LAUDO ARBITRAL<\/p>\n<div style=\"text-align: justify;\">\n<p>DICTADO\u00a0 POR LA DELEGACI\u00d3N DE BARCELONA DEL TRIBUNAL LABORAL DE CATALUNYA, COMPUESTA POR LOS SIGUIENTES MIEMBROS: DON ANTONIO CAST\u00c1N SANCLEMENTE, PRESIDENTE; DON EDUARDO DE PAZ FUERTES, DON RAM\u00d3N MANUEL DE LA MORA Y DE PLANELL Y DO\u00d1A ROSA FERN\u00c1NDEZ NIETO, VOCALES EN EL EXPEDIENTE PAB 410\/2004 T. I., S.A., EL D\u00cdA 28\u00a0 DE OCTUBRE DE 2004.<\/p>\n<p align=\"center\">ANTECEDENTES DE HECHO<\/p>\n<p>&nbsp;<\/p>\n<p>PRIMERO:.- El d\u00eda 2 de Septiembre de 2004, los Srs. J. M. G. B., E. A. R. y D. S. M., Delegados de Personal de la Empresa T. I., S.A., presentaron Escrito Introductorio al tr\u00e1mite de Conciliaci\u00f3n y Mediaci\u00f3n ante este Tribunal Laboral de Catalunya, que fue registrado con el n\u00famero PCB 383\/2004.<\/p>\n<p>&nbsp;<\/p>\n<p>SEGUNDO:.- El tema sometido a conciliaci\u00f3n y mediaci\u00f3n, seg\u00fan consta en el escrito introductorio es el siguiente:<\/p>\n<p>&nbsp;<\/p>\n<p>La empresa est\u00e1 modificando unilateralmente el sistema de primas, en los puestos de trabajo.<\/p>\n<p>&nbsp;<\/p>\n<p>Los representantes de los trabajadores, solicitamos la documentaci\u00f3n utilizada por la Empresa (m\u00e9todo de tiempos, y que asistieran t\u00e9cnicos de UGT y CCOO, para poder verificar los tiempos en los puestos de trabajo.<\/p>\n<p>&nbsp;<\/p>\n<p>La empresa contest\u00f3 por escrito que la revisi\u00f3n de tiempos lo confirme o revise la autoridad competente.<\/p>\n<p>&nbsp;<\/p>\n<p>TERCERO:.- Debidamente citadas las partes fue intentada la Mediaci\u00f3n-Conciliaci\u00f3n del Tribunal Laboral de Catalunya, los d\u00edas 7 y 29 de Septiembre de 2004. En primera instancia, seg\u00fan se acuerda en Acta de fecha 7 de Septiembre de 2004, ambas representaciones acuerdan reunirse con la Comisi\u00f3n T\u00e9cnica de Organizaci\u00f3n del Trabajo, a fin de determinar los criterios aplicables para la soluci\u00f3n del presente conflicto. En segunda comparecencia, celebrada el d\u00eda 29 de Octubre de 2004, ambas partes alcanzan un ACUERDO, cuyos t\u00e9rminos son:<\/p>\n<p>&nbsp;<\/p>\n<p>1.- En referencia al Acta de fecha 7 de septiembre de 2004, mediante la cual ambas representaciones acordaron mantener una reuni\u00f3n con los miembros de la Comisi\u00f3n T\u00e9cnica de Organizaci\u00f3n del Trabajo a fin de determinar los criterios aplicables para la soluci\u00f3n del presente conflicto, ambas partes en el presente Acto de Conciliaci\u00f3n\/Mediaci\u00f3n llegan al siguiente acuerdo:<\/p>\n<p>&nbsp;<\/p>\n<p>&nbsp;<\/p>\n<\/div>\n<p style=\"text-align: justify;\">\n<p style=\"text-align: justify;\">\u00a0&#8211; Ambas partes se someten expresamente al tr\u00e1mite de arbitraje previsto en los art\u00edculos 15 y siguientes del Reglamento de Funcionamiento del Tribunal Laboral de Catalunya, y a tales efectos nombran por unanimidad a la propia Delegaci\u00f3n de Barcelona del Tribunal Laboral de Catalunya que ha conocido del procedimiento de Conciliaci\u00f3n\/Mediaci\u00f3n.<\/p>\n<p style=\"text-align: justify;\">\n<p style=\"text-align: justify;\">&#8211; La cuesti\u00f3n a dirimir que es objeto del arbitraje al que se someten ambas representaciones se concreta en lo siguiente:<\/p>\n<p style=\"text-align: justify;\">\n<p style=\"text-align: justify;\">Determinar la producci\u00f3n a actividad normal de las siguientes referencias:<\/p>\n<p style=\"text-align: justify;\">\n<p style=\"text-align: justify;\">Departamento de Embutici\u00f3n:<\/p>\n<p style=\"text-align: justify;\">&#8211;\u00a0\u00a0\u00a0\u00a0\u00a0\u00a0\u00a0\u00a0\u00a0\u00a0\u00a0\u00a0\u00a0\u00a0\u00a0\u00a0\u00a0\u00a0\u00a0\u00a0\u00a0\u00a0 Embutir Bandejas.<\/p>\n<p style=\"text-align: justify;\">&#8211;\u00a0\u00a0\u00a0\u00a0\u00a0\u00a0\u00a0\u00a0\u00a0\u00a0\u00a0\u00a0\u00a0\u00a0\u00a0\u00a0\u00a0\u00a0\u00a0\u00a0\u00a0\u00a0 Recortar sobrante de embutici\u00f3n y biselar bandejas.<\/p>\n<p style=\"text-align: justify;\">&#8211;\u00a0\u00a0\u00a0\u00a0\u00a0\u00a0\u00a0\u00a0\u00a0\u00a0\u00a0\u00a0\u00a0\u00a0\u00a0\u00a0\u00a0\u00a0\u00a0\u00a0\u00a0\u00a0 Soldar soporte CENTROVAL.<\/p>\n<p style=\"text-align: justify;\">\n<p style=\"text-align: justify;\">Lijado de Superficie:<\/p>\n<p style=\"text-align: justify;\">&#8211;\u00a0\u00a0\u00a0\u00a0\u00a0\u00a0\u00a0\u00a0\u00a0\u00a0\u00a0\u00a0\u00a0\u00a0\u00a0\u00a0\u00a0\u00a0\u00a0\u00a0\u00a0\u00a0 Hilar superficie ERC y CENTROVAL normales.<\/p>\n<p style=\"text-align: justify;\">&#8211;\u00a0\u00a0\u00a0\u00a0\u00a0\u00a0\u00a0\u00a0\u00a0\u00a0\u00a0\u00a0\u00a0\u00a0\u00a0\u00a0\u00a0\u00a0\u00a0\u00a0\u00a0\u00a0 Hilar superficie ERC y CENTROVAL BA y TX.<\/p>\n<p style=\"text-align: justify;\">\n<p style=\"text-align: justify;\">Embalaje:<\/p>\n<p style=\"text-align: justify;\">\n<p style=\"text-align: justify;\">&#8211;\u00a0\u00a0\u00a0\u00a0\u00a0\u00a0\u00a0\u00a0\u00a0\u00a0\u00a0\u00a0\u00a0\u00a0\u00a0\u00a0\u00a0\u00a0\u00a0\u00a0\u00a0\u00a0 Verificaci\u00f3n ERC y CENTROVAL.<\/p>\n<p style=\"text-align: justify;\">&#8211;\u00a0\u00a0\u00a0\u00a0\u00a0\u00a0\u00a0\u00a0\u00a0\u00a0\u00a0\u00a0\u00a0\u00a0\u00a0\u00a0\u00a0\u00a0\u00a0\u00a0\u00a0\u00a0 Etiquetar y montar cajas (individual) ERC y CENTROVAL.<\/p>\n<p style=\"text-align: justify;\">&#8211;\u00a0\u00a0\u00a0\u00a0\u00a0\u00a0\u00a0\u00a0\u00a0\u00a0\u00a0\u00a0\u00a0\u00a0\u00a0\u00a0\u00a0\u00a0\u00a0\u00a0\u00a0\u00a0 Anclar ERC y CENTROVAL (individual).<\/p>\n<p style=\"text-align: justify;\">&#8211;\u00a0\u00a0\u00a0\u00a0\u00a0\u00a0\u00a0\u00a0\u00a0\u00a0\u00a0\u00a0\u00a0\u00a0\u00a0\u00a0\u00a0\u00a0\u00a0\u00a0\u00a0\u00a0 Embalar ERC y CENTROVAL (caja 5).<\/p>\n<p style=\"text-align: justify;\">&#8211;\u00a0\u00a0\u00a0\u00a0\u00a0\u00a0\u00a0\u00a0\u00a0\u00a0\u00a0\u00a0\u00a0\u00a0\u00a0\u00a0\u00a0\u00a0\u00a0\u00a0\u00a0\u00a0 Embalar ERC y CENTROVAL (palet).<\/p>\n<p style=\"text-align: justify;\">\n<p style=\"text-align: justify;\">Los resultados del Laudo Arbitral no ser\u00e1n extrapolables a otras referencias no contempladas en esta Acta.<\/p>\n<p style=\"text-align: justify;\">\n<p style=\"text-align: justify;\">&#8211; El arbitraje al que se someten ambas representaciones tiene calidad de arbitraje de derecho.<\/p>\n<p style=\"text-align: justify;\">\n<p style=\"text-align: justify;\">&#8211; Con la firma de la presente Acta de Conciliaci\u00f3n\/Mediaci\u00f3n que refleja el acuerdo entre las partes, se da por formalizado el Convenio Arbitral.<\/p>\n<p style=\"text-align: justify;\">\n<p style=\"text-align: justify;\">&#8211; Con el presente acto de conciliaci\u00f3n se da cumplimiento al tr\u00e1mite de Audiencia previsto en el Reglamento de Funcionamiento del Tribunal Laboral de Catalunya.<\/p>\n<p style=\"text-align: justify;\">\n<p style=\"text-align: justify;\">&#8211; La Delegaci\u00f3n de Barcelona del Tribunal Laboral de Catalunya solicitar\u00e1, en<\/p>\n<p style=\"text-align: justify;\">funci\u00f3n de las competencias asignadas por el Reglamento de Funcionamiento, informe pericial a la Comisi\u00f3n T\u00e9cnica de Organizaci\u00f3n del Trabajo del propio Tribunal, que tendr\u00e1 la consideraci\u00f3n de documento interno para uso exclusivo de los miembros de la propia Delegaci\u00f3n, no formando parte, por tanto del presente expediente.<\/p>\n<p style=\"text-align: justify;\">\n<p style=\"text-align: justify;\">La Delegaci\u00f3n de Barcelona del Tribunal Laboral de Catalunya comunica a ambas representaciones que los miembros de la Comisi\u00f3n T\u00e9cnica de Organizaci\u00f3n del Trabajo designados para confeccionar el citado informe ser\u00e1n los Srs. Alejandro Fern\u00e1ndez L\u00f3pez y Alber Call\u00eds i Cabr\u00e9.<\/p>\n<p style=\"text-align: justify;\">\n<p style=\"text-align: justify;\">Ambas partes disponen del plazo de 24 horas a partir de la fecha de hoy, para comunicar por escrito a este Tribunal la existencia de alguna posible incompatibilidad, en su caso debidamente fundada, de los t\u00e9cnicos designados.<\/p>\n<p style=\"text-align: justify;\">\n<p style=\"text-align: justify;\">La intervenci\u00f3n de los t\u00e9cnicos que componen la mencionada Comisi\u00f3n se ajustar\u00e1 a los par\u00e1metros l\u00f3gicos que deben configurar un informe pericial, sin que sea factible, por tanto, la realizaci\u00f3n de estudios de medici\u00f3n que representen una utilizaci\u00f3n del citado servicio en t\u00e9rminos superiores a los establecidos, es por esto, que \u00fanicamente podr\u00e1n realizar su dictamen\u00a0 t\u00e9cnico dentro de los l\u00edmites presupuestarios establecidos al respecto por el Patronato de la Fundaci\u00f3n Tribunal Laboral de Catalunya.<\/p>\n<p style=\"text-align: justify;\">\n<p style=\"text-align: justify;\">&#8211; Ambas representaciones dejan constancia expresa de que el Laudo Arbitral que se dicte como consecuencia del arbitraje al que se someten voluntaria y expresamente, tendr\u00e1 efectos vinculantes de acuerdo con la legislaci\u00f3n vigente, comprometi\u00e9ndose a estar y pasar por lo que en \u00e9l se establezca.<\/p>\n<p style=\"text-align: justify;\" align=\"center\">\n<p style=\"text-align: justify;\" align=\"center\">FUNDAMENTOS JUR\u00cdDICOS<\/p>\n<p style=\"text-align: justify;\">\n<p style=\"text-align: justify;\">I) El Tribunal Laboral de Catalunya es competente para conocer y resolver el presente procedimiento arbitral, a tenor de lo previsto en el Acuerdo Interprofesional de Catalunya de 7 de noviembre de 1990, en el Reglamento de Funcionamiento del propio Tribunal y al amparo de lo establecido en los art\u00edculos 63 y 153 de la vigente Ley de Procedimiento Laboral.<\/p>\n<p style=\"text-align: justify;\">\n<p style=\"text-align: justify;\">II) A tenor de lo previsto en el punto 8\u00ba del art\u00edculo 16 del Reglamento de Funcionamiento del Tribunal Laboral de Catalunya, la Delegaci\u00f3n de Barcelona del mismo y que conoci\u00f3 del presente expediente arbitral, solicit\u00f3 a la Comisi\u00f3n T\u00e9cnica de Organizaci\u00f3n del Trabajo informe pericial sobre la controversia planteada en dicho expediente.<\/p>\n<p style=\"text-align: justify;\">\n<p style=\"text-align: justify;\">III) La Comisi\u00f3n T\u00e9cnica de Organizaci\u00f3n del Trabajo del Tribunal Laboral de Catalunya se person\u00f3 en los locales de la Empresa T. I., S.A. el d\u00eda 18 de Octubre 2004, al objeto de llevar a cabo los estudios de tiempos y an\u00e1lisis de los m\u00e9todos de trabajo necesarios para la confecci\u00f3n del informe t\u00e9cnico solicitado. En dicha fecha se levant\u00f3 Acta por la que ambas representaciones, conjuntamente con los t\u00e9cnicos personados, solicitaron la pr\u00f3rroga del plazo de entrega del informe t\u00e9cnico para el d\u00eda 26 de Octubre de 2004.<\/p>\n<p style=\"text-align: justify;\">\n<p style=\"text-align: justify;\">\u00a0Por todo cuanto antecede, se dicta el siguiente:<\/p>\n<p style=\"text-align: justify;\">\n<p style=\"text-align: justify;\" align=\"center\">LAUDO<\/p>\n<p style=\"text-align: justify;\" align=\"center\">\n<p style=\"text-align: justify;\">\u00a0La producci\u00f3n a actividad normal de las referencias anteriormente\u00a0\u00a0\u00a0 rese\u00f1adas, son las que se detallan en el siguiente cuadro:<\/p>\n<p style=\"text-align: justify;\">\n<table border=\"0\" cellspacing=\"0\" cellpadding=\"0\">\n<tbody>\n<tr>\n<td valign=\"bottom\" width=\"318\">\n<p align=\"center\">OPERACI\u00d3N<\/p>\n<\/td>\n<td valign=\"bottom\" width=\"162\">\n<p align=\"center\">PRODUCCI\u00d3N<\/p>\n<p align=\"center\">HORARIA<\/p>\n<p align=\"center\">NORMAL<\/p>\n<\/td>\n<td valign=\"bottom\" width=\"128\">\n<p align=\"center\">NOTA<\/p>\n<\/td>\n<\/tr>\n<tr>\n<td valign=\"bottom\" width=\"318\">\n<p align=\"center\">EMBUTIR BANDEJAS<\/p>\n<\/td>\n<td valign=\"bottom\" width=\"162\">\n<p align=\"center\">110.55<\/p>\n<\/td>\n<td valign=\"bottom\" width=\"128\">\n<p align=\"center\">&#8212;<\/p>\n<\/td>\n<\/tr>\n<tr>\n<td valign=\"bottom\" width=\"318\">\n<p align=\"center\">RECORTAR SOBRANTE Y BISELAR<\/p>\n<\/td>\n<td valign=\"bottom\" width=\"162\">\n<p align=\"center\">147.64<\/p>\n<\/td>\n<td valign=\"bottom\" width=\"128\">\n<p align=\"center\">(1)<\/p>\n<\/td>\n<\/tr>\n<tr>\n<td valign=\"bottom\" width=\"318\">\n<p align=\"center\">SOLDAR SOPORTE CENTROVAL<\/p>\n<\/td>\n<td valign=\"bottom\" width=\"162\">\n<p align=\"center\">67.17<\/p>\n<\/td>\n<td valign=\"bottom\" width=\"128\">\n<p align=\"center\">&#8212;<\/p>\n<\/td>\n<\/tr>\n<tr>\n<td valign=\"bottom\" width=\"318\">\n<p align=\"center\">HILAR SUPERFICIE ERC Y CENTROVAL NORMALES<\/p>\n<\/td>\n<td valign=\"bottom\" width=\"162\">\n<p align=\"center\">65.44<\/p>\n<\/td>\n<td valign=\"bottom\" width=\"128\">\n<p align=\"center\">&#8212;<\/p>\n<\/td>\n<\/tr>\n<tr>\n<td valign=\"bottom\" width=\"318\">\n<p align=\"center\">HILAR SUPERFICIE ERC Y CENTROVAL BA<\/p>\n<\/td>\n<td valign=\"bottom\" width=\"162\">\n<p align=\"center\">61.08<\/p>\n<\/td>\n<td valign=\"bottom\" width=\"128\">\n<p align=\"center\">&#8212;<\/p>\n<\/td>\n<\/tr>\n<tr>\n<td valign=\"bottom\" width=\"318\">\n<p align=\"center\">VERIFICACI\u00d3N ERC Y CENTROVAL<\/p>\n<\/td>\n<td valign=\"bottom\" width=\"162\">\n<p align=\"center\">101.68<\/p>\n<\/td>\n<td valign=\"bottom\" width=\"128\">\n<p align=\"center\">(2)<\/p>\n<\/td>\n<\/tr>\n<tr>\n<td valign=\"bottom\" width=\"318\">\n<p align=\"center\">ETIQUETAR Y MONTAR CAJAS ERC Y CENTROVAL (INDIVIDUAL)<\/p>\n<\/td>\n<td valign=\"bottom\" width=\"162\">\n<p align=\"center\">90.89<\/p>\n<\/td>\n<td valign=\"bottom\" width=\"128\">\n<p align=\"center\">(2)<\/p>\n<\/td>\n<\/tr>\n<tr>\n<td valign=\"bottom\" width=\"318\">\n<p align=\"center\">EMBALAR ERC Y CENTROVAL (INDIVIDUAL)<\/p>\n<\/td>\n<td valign=\"bottom\" width=\"162\">\n<p align=\"center\">90.89<\/p>\n<\/td>\n<td valign=\"bottom\" width=\"128\">\n<p align=\"center\">(2)<\/p>\n<\/td>\n<\/tr>\n<tr>\n<td valign=\"bottom\" width=\"318\">\n<p align=\"center\">ANCLAR ERC Y CENTROVAL<\/p>\n<p align=\"center\">(5 UNIDADES)<\/p>\n<\/td>\n<td valign=\"bottom\" width=\"162\">\n<p align=\"center\">95.03<\/p>\n<\/td>\n<td valign=\"bottom\" width=\"128\">\n<p align=\"center\">(2)<\/p>\n<\/td>\n<\/tr>\n<tr>\n<td valign=\"bottom\" width=\"318\">\n<p align=\"center\">EMBALAR ERC Y CENTROVAL<\/p>\n<p align=\"center\">(5 UNIDADES)<\/p>\n<\/td>\n<td valign=\"bottom\" width=\"162\">\n<p align=\"center\">95.03<\/p>\n<\/td>\n<td valign=\"bottom\" width=\"128\">\n<p align=\"center\">(2)<\/p>\n<\/td>\n<\/tr>\n<\/tbody>\n<\/table>\n<p style=\"text-align: justify;\">\n<p style=\"text-align: justify;\">\u00a0(1) A este puesto de trabajo se le exigir\u00e1 la misma producci\u00f3n normal que el de la operaci\u00f3n de embutir bandejas por ser puestos consecutivos.<\/p>\n<p style=\"text-align: justify;\">\n<p style=\"text-align: justify;\">\u00a0(2) Estas producciones lo son para cuando la producci\u00f3n sea toda al 100% buena, sin ninguna pieza defectuosa.<\/p>\n<p style=\"text-align: justify;\">\n<p style=\"text-align: justify;\">\u00a0El Laudo \u00fanicamente podr\u00e1 recurrirse ante los tribunales competentes por cuestiones relacionadas con el procedimiento (falta de citaci\u00f3n o de audiencia), aspectos formales de la resoluci\u00f3n arbitral (incongruencia) o vulneraci\u00f3n de los derechos fundamentales o del principio de norma m\u00ednima.<\/p>\n<p style=\"text-align: justify;\">\n<p style=\"text-align: justify;\">\u00a0En el plazo de siete d\u00edas h\u00e1biles a contar desde la notificaci\u00f3n del laudo, cualquiera de las partes podr\u00e1 solicitar del \u00e1rbitro o\u00a0 \u00e1rbitros, la aclaraci\u00f3n de alguno de los puntos de aqu\u00e9l, que tendr\u00e1 que facilitarse en el plazo m\u00e1ximo de 10 d\u00edas h\u00e1biles.<\/p>\n<p style=\"text-align: justify;\">\n<p style=\"text-align: justify;\">\u00a0El tr\u00e1mite de aclaraci\u00f3n faculta a cualquiera de las partes a solicitar del \u00e1rbitro o \u00e1rbitros, \u00fanica y exclusivamente, la adecuada matizaci\u00f3n o esclarecimiento de alguno de los puntos contenidos en el laudo, sin que, en ning\u00fan caso, tal facultad pueda ser utilizada para rebatir los posicionamientos reflejados en la resoluci\u00f3n arbitral.<\/p>\n<p style=\"text-align: justify;\">\n<table border=\"0\" cellspacing=\"0\" cellpadding=\"0\">\n<tbody>\n<tr>\n<td valign=\"top\" width=\"306\">&nbsp;<\/td>\n<td valign=\"top\" width=\"300\">&nbsp;<\/td>\n<\/tr>\n<tr>\n<td valign=\"bottom\" width=\"306\">\n<p align=\"center\">Antonio Cast\u00e1n Sanclemente<\/p>\n<\/td>\n<td valign=\"bottom\" width=\"300\">\n<p align=\"center\">Eduardo de Paz Fuertes<\/p>\n<p align=\"center\">\n<\/td>\n<\/tr>\n<tr>\n<td valign=\"top\" width=\"306\">\n<p align=\"center\">\n<p align=\"center\">\n<p align=\"center\">\n<p align=\"center\">\n<p align=\"center\">\n<p align=\"center\">\n<\/td>\n<td valign=\"top\" width=\"300\">\n<p align=\"center\">\n<\/td>\n<\/tr>\n<tr>\n<td valign=\"bottom\" width=\"306\">\n<p align=\"center\">Ram\u00f3n M. de la Mora y de Planell<\/p>\n<p align=\"center\">\n<\/td>\n<td valign=\"bottom\" width=\"300\">\n<p align=\"center\">Rosa Fern\u00e1ndez Nieto<\/p>\n<\/td>\n<\/tr>\n<\/tbody>\n<\/table>\n<p style=\"text-align: justify;\" align=\"center\">\n<p style=\"text-align: justify;\">\n<p style=\"text-align: justify;\">\n","protected":false},"excerpt":{"rendered":"<p>\u00a0LAUDO ARBITRAL DICTADO\u00a0 POR LA DELEGACI\u00d3N DE BARCELONA DEL TRIBUNAL LABORAL DE CATALUNYA, COMPUESTA POR LOS SIGUIENTES MIEMBROS: DON ANTONIO CAST\u00c1N SANCLEMENTE, PRESIDENTE; DON EDUARDO DE PAZ FUERTES, DON RAM\u00d3N MANUEL DE LA MORA Y DE PLANELL Y DO\u00d1A ROSA FERN\u00c1NDEZ NIETO, VOCALES EN EL EXPEDIENTE PAB 410\/2004 T. I., S.A., EL D\u00cdA 28\u00a0 DE&hellip;<\/p>\n","protected":false},"author":2,"featured_media":0,"comment_status":"closed","ping_status":"closed","sticky":false,"template":"","format":"standard","meta":{"footnotes":""},"categories":[554,650,679],"tags":[],"class_list":["post-10322","post","type-post","status-publish","format-standard","hentry","category-2004-es","category-metodos-y-tiempos","category-produccion-a-actividad-normal","category-554","category-650","category-679","description-off"],"_links":{"self":[{"href":"https:\/\/www.tribulab.cat\/es\/wp-json\/wp\/v2\/posts\/10322","targetHints":{"allow":["GET"]}}],"collection":[{"href":"https:\/\/www.tribulab.cat\/es\/wp-json\/wp\/v2\/posts"}],"about":[{"href":"https:\/\/www.tribulab.cat\/es\/wp-json\/wp\/v2\/types\/post"}],"author":[{"embeddable":true,"href":"https:\/\/www.tribulab.cat\/es\/wp-json\/wp\/v2\/users\/2"}],"replies":[{"embeddable":true,"href":"https:\/\/www.tribulab.cat\/es\/wp-json\/wp\/v2\/comments?post=10322"}],"version-history":[{"count":0,"href":"https:\/\/www.tribulab.cat\/es\/wp-json\/wp\/v2\/posts\/10322\/revisions"}],"wp:attachment":[{"href":"https:\/\/www.tribulab.cat\/es\/wp-json\/wp\/v2\/media?parent=10322"}],"wp:term":[{"taxonomy":"category","embeddable":true,"href":"https:\/\/www.tribulab.cat\/es\/wp-json\/wp\/v2\/categories?post=10322"},{"taxonomy":"post_tag","embeddable":true,"href":"https:\/\/www.tribulab.cat\/es\/wp-json\/wp\/v2\/tags?post=10322"}],"curies":[{"name":"wp","href":"https:\/\/api.w.org\/{rel}","templated":true}]}}