{"id":10298,"date":"2012-03-12T13:45:05","date_gmt":"2012-03-12T12:45:05","guid":{"rendered":"https:\/\/sserver1.local\/pab-432-04\/"},"modified":"2024-01-10T07:54:09","modified_gmt":"2024-01-10T06:54:09","slug":"pab-432-04","status":"publish","type":"post","link":"https:\/\/www.tribulab.cat\/es\/pab-432-04\/","title":{"rendered":"PAB 432\/04"},"content":{"rendered":"<p style=\"text-align: justify;\" align=\"center\">\u00a0LAUDO ARBITRAL<\/p>\n<div style=\"text-align: justify;\">\n<p>DICTADO\u00a0 POR LA DELEGACI\u00d3N DE BARCELONA DEL TRIBUNAL LABORAL DE CATALUNYA, COMPUESTA POR LOS SIGUIENTES MIEMBROS: DON RAFAEL MART\u00cdNEZ ROMERO, PRESIDENTE Y DON JOAQU\u00cdN NEBRA DOB\u00d3N, VOCAL EN EL EXPEDIENTE PAB 432\/2004 L. E., S.L., EL D\u00cdA 18\u00a0 DE NOVIEMBRE DE 2004.<\/p>\n<p align=\"center\">ANTECEDENTES DE HECHO<\/p>\n<p>&nbsp;<\/p>\n<p>PRIMERO:.- El d\u00eda 5 de Octubre de 2004, el Sr. J. J. R. D., Delegado de de Personal de la Empresa L. E., S.L., present\u00f3 Escrito Introductorio al tr\u00e1mite de Conciliaci\u00f3n y Mediaci\u00f3n ante este Tribunal Laboral de Catalunya, que fue registrado con el n\u00famero PCB 421\/2004.<\/p>\n<p>&nbsp;<\/p>\n<p>SEGUNDO:.- El tema sometido a conciliaci\u00f3n y mediaci\u00f3n, seg\u00fan consta en el escrito introductorio es el siguiente:<\/p>\n<p>&nbsp;<\/p>\n<p>Establecimiento y medici\u00f3n producci\u00f3n de su actividad normal de trabajo en los puestos de secuenciaci\u00f3n de vidrios de las puertas delanteras y traseras de las L\u00edneas I, II y III para la fabricaci\u00f3n de autom\u00f3viles de la marca S&#8230;, determinaci\u00f3n de la actividad normal en estos puestos y modelos.<\/p>\n<p>&nbsp;<\/p>\n<p>TERCERO:.- Debidamente citadas las partes fue intentada la Mediaci\u00f3n-Conciliaci\u00f3n del Tribunal Laboral de Catalunya, el d\u00eda 13 de Octubre de 2004, la cual finaliza con ACUERDO, en los siguientes t\u00e9rminos:<\/p>\n<p>&nbsp;<\/p>\n<p>1.- Ambas partes se someten expresamente al tr\u00e1mite de arbitraje previsto en \u00a0\u00a0los art\u00edculos 15 y siguientes del Reglamento de Funcionamiento del Tribunal\u00a0\u00a0\u00a0\u00a0 Laboral de Catalunya, y a tales efectos nombran por unanimidad a la propia\u00a0\u00a0\u00a0 Delegaci\u00f3n de Barcelona del Tribunal Laboral de Catalunya que ha conocido del\u00a0\u00a0 procedimiento de Conciliaci\u00f3n\/Mediaci\u00f3n.<\/p>\n<p>&nbsp;<\/p>\n<p>2.- La cuesti\u00f3n a dirimir que es objeto del arbitraje al que se someten ambas\u00a0\u00a0 representaciones se concreta en lo siguiente:<\/p>\n<p>&nbsp;<\/p>\n<p>Determinar la producci\u00f3n a actividad normal en el puesto de trabajo de Secuenciaci\u00f3n de Vidrios de las puertas delanteras y traseras de las l\u00edneas I, II y III para la marca S&#8230;.<\/p>\n<p>&nbsp;<\/p>\n<p>3.- El arbitraje al que se someten ambas representaciones tiene calidad de arbitraje de derecho.<\/p>\n<p>&nbsp;<\/p>\n<p>&nbsp;<\/p>\n<p>4.- Con la firma de la presente Acta de Conciliaci\u00f3n\/Mediaci\u00f3n que refleja el acuerdo entre las partes, se da por formalizado el Convenio Arbitral.<\/p>\n<\/div>\n<p style=\"text-align: justify;\">5.- Con el presente acto de conciliaci\u00f3n se da cumplimiento al tr\u00e1mite de Audiencia previsto en el Reglamento de Funcionamiento del Tribunal Laboral de Catalunya.<\/p>\n<p style=\"text-align: justify;\">6.- La Delegaci\u00f3n de Barcelona del Tribunal Laboral de Catalunya solicitar\u00e1, en funci\u00f3n de las competencias asignadas por el Reglamento de Funcionamiento, informe pericial a la Comisi\u00f3n T\u00e9cnica de Organizaci\u00f3n del Trabajo del propio Tribunal, que tendr\u00e1 la consideraci\u00f3n de documento interno para uso exclusivo de los miembros de la propia Delegaci\u00f3n, no formando parte, por tanto del presente expediente.<\/p>\n<p style=\"text-align: justify;\">La Delegaci\u00f3n de Barcelona del Tribunal Laboral de Catalunya comunica a ambas representaciones que los miembros de la Comisi\u00f3n T\u00e9cnica de Organizaci\u00f3n del Trabajo designados para confeccionar el citado informe ser\u00e1n los Srs. Llu\u00eds Gabarr\u00f3 Colillas y Mart\u00edn Ribas S\u00e1nchez.<\/p>\n<p style=\"text-align: justify;\">Ambas partes disponen del plazo de 24 horas a partir de la fecha de hoy, para comunicar por escrito a este Tribunal la existencia de alguna posible incompatibilidad, en su caso debidamente fundada, de los t\u00e9cnicos designados.<\/p>\n<p style=\"text-align: justify;\">La intervenci\u00f3n de los t\u00e9cnicos que componen la mencionada Comisi\u00f3n se ajustar\u00e1 a los par\u00e1metros l\u00f3gicos que deben configurar un informe pericial, sin que sea factible, por tanto, la realizaci\u00f3n de estudios de medici\u00f3n que representen una utilizaci\u00f3n del citado servicio en t\u00e9rminos superiores a los establecidos, es por esto, que \u00fanicamente podr\u00e1n realizar su dictamen\u00a0 t\u00e9cnico dentro de los l\u00edmites presupuestarios establecidos al respecto por el Patronato de la Fundaci\u00f3n Tribunal Laboral de Catalunya.<\/p>\n<p style=\"text-align: justify;\">7.- Ambas representaciones dejan constancia expresa de que el Laudo Arbitral que se dicte como consecuencia del arbitraje al que se someten voluntaria y expresamente, tendr\u00e1 efectos vinculantes de acuerdo con la legislaci\u00f3n vigente, comprometi\u00e9ndose a estar y pasar por lo que en \u00e9l se establezca.<\/p>\n<p style=\"text-align: justify;\" align=\"center\">FUNDAMENTOS JUR\u00cdDICOS<\/p>\n<p style=\"text-align: justify;\">I) El Tribunal Laboral de Catalunya es competente para conocer y resolver el presente procedimiento arbitral, a tenor de lo previsto en el Acuerdo Interprofesional de Catalunya de 7 de noviembre de 1990, en el Reglamento de Funcionamiento del propio Tribunal y al amparo de lo establecido en los art\u00edculos 63 y 153 de la vigente Ley de Procedimiento Laboral.<\/p>\n<p style=\"text-align: justify;\">II) A tenor de lo previsto en el punto 8\u00ba del art\u00edculo 16 del Reglamento de Funcionamiento del Tribunal Laboral de Catalunya, la Delegaci\u00f3n de Barcelona del mismo y que conoci\u00f3 del presente expediente arbitral, solicit\u00f3 a la Comisi\u00f3n T\u00e9cnica de Organizaci\u00f3n del Trabajo informe pericial sobre la controversia planteada en dicho expediente.<\/p>\n<p style=\"text-align: justify;\">III) La Comisi\u00f3n T\u00e9cnica de Organizaci\u00f3n del Trabajo del Tribunal Laboral de Catalunya se person\u00f3 en los locales de la Empresa L. E., S.L. el d\u00eda\u00a0 2 de Noviembre de 2004, al objeto de llevar a cabo las mediciones solicitadas y la toma de datos en Taller. Para ello se mantuvo una reuni\u00f3n conjunta con representantes de la Empresa y de los trabajadores, acord\u00e1ndose la solicitud de una pr\u00f3rroga del plazo de entrega del informe t\u00e9cnico para el d\u00eda 15 de Noviembre de 2004.<\/p>\n<p style=\"text-align: justify;\" align=\"center\">\u00a0Por todo cuanto antecede, se dicta el siguiente:<\/p>\n<p style=\"text-align: justify;\" align=\"center\">LAUDO<\/p>\n<p style=\"text-align: justify;\">\u00a0La producci\u00f3n a actividad normal en el puesto de trabajo de Secuenciaci\u00f3n de Vidrios de las puertas delanteras y traseras de las l\u00edneas I, II y III para la marca S&#8230;,\u00a0 son las que se detallan en el siguiente cuadro:<\/p>\n<table border=\"0\" cellspacing=\"0\" cellpadding=\"0\">\n<tbody>\n<tr>\n<td valign=\"bottom\" width=\"318\">\n<p align=\"center\">DESCRIPCI\u00d3N DE LA OPERACI\u00d3N<\/p>\n<\/td>\n<td valign=\"bottom\" width=\"284\">\n<p align=\"center\">PRODUCCI\u00d3N HORARIA NORMAL<\/p>\n<\/td>\n<\/tr>\n<tr>\n<td valign=\"bottom\" width=\"318\">\n<p align=\"center\">Secuenciaci\u00f3n de vidrios de puertas delanteras de la L\u00ednea II<\/p>\n<\/td>\n<td valign=\"bottom\" width=\"284\">\n<p align=\"center\">210,64<\/p>\n<\/td>\n<\/tr>\n<tr>\n<td valign=\"bottom\" width=\"318\">\n<p align=\"center\">Secuenciaci\u00f3n de vidrios de puertas delanteras de la L\u00ednea I y III<\/p>\n<\/td>\n<td valign=\"bottom\" width=\"284\">\n<p align=\"center\">210,37<\/p>\n<\/td>\n<\/tr>\n<tr>\n<td valign=\"bottom\" width=\"318\">\n<p align=\"center\">Secuenciaci\u00f3n de vidrios de puertas traseras de la L\u00ednea II<\/p>\n<\/td>\n<td valign=\"bottom\" width=\"284\">\n<p align=\"center\">154, 13<\/p>\n<\/td>\n<\/tr>\n<tr>\n<td valign=\"bottom\" width=\"318\">\n<p align=\"center\">Secuenciaci\u00f3n de vidrios de puertas traseras de la L\u00ednea I y III<\/p>\n<\/td>\n<td valign=\"bottom\" width=\"284\">\n<p align=\"center\">155,56<\/p>\n<\/td>\n<\/tr>\n<\/tbody>\n<\/table>\n<p style=\"text-align: justify;\">\u00a0Observaciones:<\/p>\n<p style=\"text-align: justify;\">\u00a0El suplemento aplicado en la valoraci\u00f3n es del 12% que incluye el\u00a0\u00a0 suplemento por Necesidades Personales del 5%.<\/p>\n<p style=\"text-align: justify;\">\u00a0 A las producciones normales determinadas se les debe aplicar el MIX de\u00a0\u00a0\u00a0\u00a0 producci\u00f3n que varia seg\u00fan las necesidades de S&#8230;.<\/p>\n<p style=\"text-align: justify;\">\u00a0El Laudo \u00fanicamente podr\u00e1 recurrirse ante los tribunales competentes por cuestiones relacionadas con el procedimiento (falta de citaci\u00f3n o de audiencia), aspectos formales de la resoluci\u00f3n arbitral (incongruencia) o vulneraci\u00f3n de los derechos fundamentales o del principio de norma m\u00ednima.<\/p>\n<p style=\"text-align: justify;\">\u00a0En el plazo de siete d\u00edas h\u00e1biles a contar desde la notificaci\u00f3n del laudo, cualquiera de las partes podr\u00e1 solicitar del \u00e1rbitro o\u00a0 \u00e1rbitros, la aclaraci\u00f3n de alguno de los puntos de aqu\u00e9l, que tendr\u00e1 que facilitarse en el plazo m\u00e1ximo de 10 d\u00edas h\u00e1biles.<\/p>\n<p style=\"text-align: justify;\">\u00a0El tr\u00e1mite de aclaraci\u00f3n faculta a cualquiera de las partes a solicitar del \u00e1rbitro o \u00e1rbitros, \u00fanica y exclusivamente, la adecuada matizaci\u00f3n o esclarecimiento de alguno de los puntos contenidos en el laudo, sin que, en ning\u00fan caso, tal facultad pueda ser utilizada para rebatir los posicionamientos reflejados en la resoluci\u00f3n arbitral.<\/p>\n<table border=\"0\" cellspacing=\"0\" cellpadding=\"0\">\n<tbody>\n<tr>\n<td valign=\"top\" width=\"300\"><\/td>\n<td valign=\"top\" width=\"300\"><\/td>\n<\/tr>\n<tr>\n<td valign=\"bottom\" width=\"300\">\n<p align=\"center\">Rafael Mart\u00ednez Romero<\/p>\n<\/td>\n<td valign=\"bottom\" width=\"300\">\n<p align=\"center\">Joaqu\u00edn Nebra Dob\u00f3n<\/p>\n<p align=\"center\">\n<\/td>\n<\/tr>\n<\/tbody>\n<\/table>\n","protected":false},"excerpt":{"rendered":"<p>\u00a0LAUDO ARBITRAL DICTADO\u00a0 POR LA DELEGACI\u00d3N DE BARCELONA DEL TRIBUNAL LABORAL DE CATALUNYA, COMPUESTA POR LOS SIGUIENTES MIEMBROS: DON RAFAEL MART\u00cdNEZ ROMERO, PRESIDENTE Y DON JOAQU\u00cdN NEBRA DOB\u00d3N, VOCAL EN EL EXPEDIENTE PAB 432\/2004 L. E., S.L., EL D\u00cdA 18\u00a0 DE NOVIEMBRE DE 2004. ANTECEDENTES DE HECHO &nbsp; PRIMERO:.- El d\u00eda 5 de Octubre de&hellip;<\/p>\n","protected":false},"author":2,"featured_media":0,"comment_status":"closed","ping_status":"closed","sticky":false,"template":"","format":"standard","meta":{"footnotes":""},"categories":[554,650,679],"tags":[],"class_list":["post-10298","post","type-post","status-publish","format-standard","hentry","category-2004-es","category-metodos-y-tiempos","category-produccion-a-actividad-normal","category-554","category-650","category-679","description-off"],"_links":{"self":[{"href":"https:\/\/www.tribulab.cat\/es\/wp-json\/wp\/v2\/posts\/10298","targetHints":{"allow":["GET"]}}],"collection":[{"href":"https:\/\/www.tribulab.cat\/es\/wp-json\/wp\/v2\/posts"}],"about":[{"href":"https:\/\/www.tribulab.cat\/es\/wp-json\/wp\/v2\/types\/post"}],"author":[{"embeddable":true,"href":"https:\/\/www.tribulab.cat\/es\/wp-json\/wp\/v2\/users\/2"}],"replies":[{"embeddable":true,"href":"https:\/\/www.tribulab.cat\/es\/wp-json\/wp\/v2\/comments?post=10298"}],"version-history":[{"count":0,"href":"https:\/\/www.tribulab.cat\/es\/wp-json\/wp\/v2\/posts\/10298\/revisions"}],"wp:attachment":[{"href":"https:\/\/www.tribulab.cat\/es\/wp-json\/wp\/v2\/media?parent=10298"}],"wp:term":[{"taxonomy":"category","embeddable":true,"href":"https:\/\/www.tribulab.cat\/es\/wp-json\/wp\/v2\/categories?post=10298"},{"taxonomy":"post_tag","embeddable":true,"href":"https:\/\/www.tribulab.cat\/es\/wp-json\/wp\/v2\/tags?post=10298"}],"curies":[{"name":"wp","href":"https:\/\/api.w.org\/{rel}","templated":true}]}}