{"id":10294,"date":"2012-03-12T13:41:31","date_gmt":"2012-03-12T12:41:31","guid":{"rendered":"https:\/\/sserver1.local\/pab-307-04\/"},"modified":"2024-01-10T07:54:28","modified_gmt":"2024-01-10T06:54:28","slug":"pab-307-04","status":"publish","type":"post","link":"https:\/\/www.tribulab.cat\/es\/pab-307-04\/","title":{"rendered":"PAB 307\/04"},"content":{"rendered":"<p style=\"text-align: justify;\" align=\"center\">\u00a0 LAUDO ARBITRAL<\/p>\n<p style=\"text-align: justify;\" align=\"center\">\n<p style=\"text-align: justify;\">\n<p style=\"text-align: justify;\">DICTADO\u00a0 POR LA DELEGACI\u00d3N DE BARCELONA DEL TRIBUNAL LABORAL DE CATALUNYA, COMPUESTA POR LOS SIGUIENTES MIEMBROS: DON JOAQU\u00cdN NEBRA DOB\u00d3N, PRESIDENTE;\u00a0 DON ANTONIO CASTAN SANCLEMENTE, DON IGNASI PUIG HERN\u00c1NDEZ Y DO\u00d1A ROSA FERN\u00c1NDEZ NIETO, VOCALES EN EL EXPEDIENTE PAB 307\/2004 J. J., S.A., EL D\u00cdA 30 DE JULIOL DE 2004.<\/p>\n<p style=\"text-align: justify;\">\n<p style=\"text-align: justify;\">\n<p style=\"text-align: justify;\" align=\"center\">ANTECEDENTES DE HECHO<\/p>\n<p style=\"text-align: justify;\">\n<p style=\"text-align: justify;\">PRIMERO:.- El d\u00eda 10 de Junio de 2004, el Comit\u00e9 de Empresa de J.J. S.A., present\u00f3 Escrito Introductorio al tr\u00e1mite de Conciliaci\u00f3n y Mediaci\u00f3n ante este Tribunal Laboral de Catalunya, que fue registrado con el n\u00famero PCB 294\/2004.<\/p>\n<p style=\"text-align: justify;\">\n<p style=\"text-align: justify;\">SEGUNDO:.- El tema sometido a conciliaci\u00f3n y mediaci\u00f3n, seg\u00fan consta en el escrito introductorio es el siguiente:<\/p>\n<p style=\"text-align: justify;\">\n<p style=\"text-align: justify;\">\n<p style=\"text-align: justify;\">Despu\u00e9s de varias reuniones con la Direcci\u00f3n de la empresa sobre los tiempos de trabajo y no habiendo llegado a acuerdos sobre su implantaci\u00f3n y \u00e9sta los ha modificado unilateralmente. Referencias <em>(constan en el expediente).<\/em><\/p>\n<p style=\"text-align: justify;\">\n<p style=\"text-align: justify;\">\n<p style=\"text-align: justify;\">\u00a0\u00a0\u00a0\u00a0\u00a0\u00a0\u00a0 TERCERO:.- Debidamente citadas las partes fue intentada la Mediaci\u00f3n-Conciliaci\u00f3n del Tribunal Laboral de Catalunya, el d\u00eda 17 de Junio de 2004, la cual finaliza con el resultado de ACUERDO, en los siguientes t\u00e9rminos:<\/p>\n<p style=\"text-align: justify;\">\n<p style=\"text-align: justify;\">PRIMERO:.-Ambas partes se someten expresamente al tr\u00e1mite de arbitraje previsto en los art\u00edculos 15 y siguientes del Reglamento de Funcionamiento del Tribunal Laboral de Catalunya, y a tales efectos nombran por unanimidad a la propia Delegaci\u00f3n de Barcelona del Tribunal Laboral de Catalunya que ha conocido del procedimiento de Conciliaci\u00f3n\/Mediaci\u00f3n.<\/p>\n<p style=\"text-align: justify;\">\n<p style=\"text-align: justify;\">SEGUNDO:.-La cuesti\u00f3n a dirimir que es objeto del arbitraje al que se someten ambas representaciones se concreta en lo siguiente:<\/p>\n<p style=\"text-align: justify;\">\n<p style=\"text-align: justify;\">Determinar la producci\u00f3n a actividad normal y \u00f3ptima de las siguientes referencias:<\/p>\n<p style=\"text-align: justify;\">\n<p style=\"text-align: justify;\">Inyecci\u00f3n: Cable de CK; Cable de 1,35 (de 0 a 500); Cable de 1,35 (de 501 a 1600); Inyectados de equipos y Tiempo cable (1601-2000)<\/p>\n<p style=\"text-align: justify;\">\n<p style=\"text-align: justify;\">Automoci\u00f3n: M.G.I. y Faurecia.<\/p>\n<p style=\"text-align: justify;\">\n<p style=\"text-align: justify;\">Latiguillo: 599838 Pesado; 975694 Montar tapones; 4153111D Montar Tornillo y 597856 Contar y atar.<\/p>\n<p style=\"text-align: justify;\">\n<p style=\"text-align: justify;\">\n<p style=\"text-align: justify;\">TERCERO:.-El arbitraje al que se someten ambas representaciones tiene calidad de arbitraje de derecho.<\/p>\n<p style=\"text-align: justify;\">\n<p style=\"text-align: justify;\">CUARTO:.-Con la firma de la presente Acta de Conciliaci\u00f3n\/Mediaci\u00f3n que refleja el acuerdo entre las partes, se da por formalizado el Convenio Arbitral.<\/p>\n<p style=\"text-align: justify;\">\n<p style=\"text-align: justify;\">QUINTO:.- Con el presente acto de conciliaci\u00f3n se da cumplimiento al tr\u00e1mite de Audiencia previsto en el Reglamento de Funcionamiento del Tribunal Laboral de Catalunya.<\/p>\n<p style=\"text-align: justify;\">\n<p style=\"text-align: justify;\">SEXTO:.-La Delegaci\u00f3n de Barcelona del Tribunal Laboral de Catalunya solicitar\u00e1, en funci\u00f3n de las competencias asignadas por el Reglamento de Funcionamiento, informe pericial a la Comisi\u00f3n T\u00e9cnica de Organizaci\u00f3n del Trabajo del propio Tribunal, que tendr\u00e1 la consideraci\u00f3n de documento interno para uso exclusivo de los miembros de la propia Delegaci\u00f3n, no formando parte, por tanto del presente expediente.<\/p>\n<p style=\"text-align: justify;\">\n<p style=\"text-align: justify;\">La Delegaci\u00f3n de Barcelona del Tribunal Laboral de Catalunya comunica a ambas representaciones que los miembros de la Comisi\u00f3n T\u00e9cnica de Organizaci\u00f3n del Trabajo designados para confeccionar el citado informe ser\u00e1n los Srs. Josep Busquets Gubau y Mart\u00edn Ribas S\u00e1nchez.<\/p>\n<p style=\"text-align: justify;\">\n<p style=\"text-align: justify;\">Ambas partes disponen del plazo de 24 horas a partir de la fecha de hoy, para comunicar por escrito a este Tribunal la existencia de alguna posible incompatibilidad, en su caso debidamente fundada, de los t\u00e9cnicos designados.<\/p>\n<p style=\"text-align: justify;\">\n<p style=\"text-align: justify;\">La intervenci\u00f3n de los t\u00e9cnicos que componen la mencionada Comisi\u00f3n se ajustar\u00e1 a los par\u00e1metros l\u00f3gicos que deben configurar un informe pericial, sin que sea factible, por tanto, la realizaci\u00f3n de estudios de medici\u00f3n que representen una utilizaci\u00f3n del citado servicio en t\u00e9rminos superiores a los establecidos, es por esto, que \u00fanicamente podr\u00e1n realizar su dictamen\u00a0 t\u00e9cnico dentro de los l\u00edmites presupuestarios establecidos al respecto por el Patronato de la Fundaci\u00f3n Tribunal Laboral de Catalunya.\u00a0 En el caso de que el informe, que ha de contemplar la referencias antes relacionadas, superara el presupuesto antes mencionado, ambas partes en la reuni\u00f3n que mantendr\u00e1n con los miembros designados de la Comisi\u00f3n T\u00e9cnica de Organizaci\u00f3n del Trabajo, acordar\u00e1n el orden de preferencia de las referencias a analizar por dicha Comisi\u00f3n y que entren en dicho presupuesto, o la posibilidad de que las partes puedan asumir el exceso de dicho coste.<\/p>\n<p style=\"text-align: justify;\">\n<p style=\"text-align: justify;\">SEPTIMO:.-Ambas representaciones dejan constancia expresa de que el Laudo Arbitral que se dicte como consecuencia del arbitraje al que se someten voluntaria y expresamente, tendr\u00e1 efectos vinculantes de acuerdo con la legislaci\u00f3n vigente, comprometi\u00e9ndose a estar y pasar por lo que en \u00e9l se establezca.<\/p>\n<p style=\"text-align: justify;\" align=\"center\">\n<p style=\"text-align: justify;\" align=\"center\">FUNDAMENTOS JUR\u00cdDICOS<\/p>\n<p style=\"text-align: justify;\">\n<p style=\"text-align: justify;\">\n<p style=\"text-align: justify;\">I) El Tribunal Laboral de Catalunya es competente para conocer y resolver el presente procedimiento arbitral, a tenor de lo previsto en el Acuerdo Interprofesional de Catalunya de 7 de noviembre de 1990, en el Reglamento de Funcionamiento del propio Tribunal y al amparo de lo establecido en los art\u00edculos 63 y 153 de la vigente Ley de Procedimiento Laboral.<\/p>\n<p style=\"text-align: justify;\">\n<p style=\"text-align: justify;\">II) A tenor de lo previsto en el punto 8\u00ba del art\u00edculo 16 del Reglamento de Funcionamiento del Tribunal Laboral de Catalunya, \u00e9ste solicit\u00f3 a la Comisi\u00f3n T\u00e9cnica de Organizaci\u00f3n del Trabajo del mismo, informe pericial sobre la controversia planteada.<\/p>\n<p style=\"text-align: justify;\">\n<p style=\"text-align: justify;\">III) La Comisi\u00f3n T\u00e9cnica de Organizaci\u00f3n del Trabajo del Tribunal Laboral de Catalunya se personaron en la Empresa, por primera vez, el d\u00eda 22 de junio de 2004 a fin de recabar informaci\u00f3n acerca del trabajo solicitado y elaborar un plan de actuaci\u00f3n; para ello se mantuvo una reuni\u00f3n conjunta, con la representaci\u00f3n de la Empresa y del Comit\u00e9 de Empresa, y se efectu\u00f3 una detallada visita a los diferentes puestos de trabajo objeto de estudio; en \u00e9ste mismo d\u00eda se levant\u00f3 acta en la que se solicitaba la pr\u00f3rroga de la entrega del Informe T\u00e9cnico hasta el 30 de julio de 2004. Este mismo d\u00eda se constat\u00f3 que la referencia \u201c4153111D montar tornillo\u201d no existe, sustituy\u00e9ndose la misma por la LH012 Montar tornillo y protector. El trabajo de toma de datos en la Empresa se llev\u00f3 a cabo a lo largo del d\u00eda 13 de julio del presente a\u00f1o.<\/p>\n<p style=\"text-align: justify;\">\n<p style=\"text-align: justify;\">Por todo cuanto antecede, se dicta el siguiente:<\/p>\n<p style=\"text-align: justify;\">\n<p style=\"text-align: justify;\" align=\"center\">\n<p style=\"text-align: justify;\">\n<p style=\"text-align: justify;\" align=\"center\">\n<p style=\"text-align: justify;\" align=\"center\">LAUDO<\/p>\n<p style=\"text-align: justify;\">\n<p style=\"text-align: justify;\">La producci\u00f3n a actividad normal y \u00f3ptima de las referencias que constan en el punto segundo del antecedente de hecho tercero, son las que se relacionan en el siguiente cuadro:<\/p>\n<p style=\"text-align: justify;\">\n<p style=\"text-align: justify;\">\n<table width=\"100%\" border=\"0\" cellspacing=\"0\" cellpadding=\"0\">\n<tbody>\n<tr>\n<td rowspan=\"2\" width=\"44%\">\n<p align=\"center\">Operaci\u00f3n<\/p>\n<\/td>\n<td rowspan=\"2\" width=\"27%\">\n<p align=\"center\">Referencia<\/p>\n<\/td>\n<td colspan=\"2\" width=\"27%\">\n<p align=\"center\">Producciones Horarias (piezas\/hora)<\/p>\n<\/td>\n<\/tr>\n<tr>\n<td width=\"13%\">\n<p align=\"center\">A Actividad Normal<\/p>\n<\/td>\n<td width=\"13%\">\n<p align=\"center\">A Actividad \u00d3ptima<\/p>\n<\/td>\n<\/tr>\n<tr>\n<td nowrap=\"nowrap\" width=\"44%\">Automoci\u00f3n: M.G.I.<\/td>\n<td nowrap=\"nowrap\" width=\"27%\">LAT03-1<\/td>\n<td nowrap=\"nowrap\" width=\"13%\">\n<p align=\"right\">130,16<\/p>\n<\/td>\n<td nowrap=\"nowrap\" width=\"13%\">\n<p align=\"right\">163,75<\/p>\n<\/td>\n<\/tr>\n<tr>\n<td nowrap=\"nowrap\" width=\"44%\">Automoci\u00f3n: Faurencia (Fase 1)<\/td>\n<td nowrap=\"nowrap\" width=\"27%\">LAT04 EST 1<\/td>\n<td nowrap=\"nowrap\" width=\"13%\">\n<p align=\"right\">143,47<\/p>\n<\/td>\n<td nowrap=\"nowrap\" width=\"13%\">\n<p align=\"right\">191,30<\/p>\n<\/td>\n<\/tr>\n<tr>\n<td nowrap=\"nowrap\" width=\"44%\">Automoci\u00f3n: Faurencia (Fase 2)<\/td>\n<td nowrap=\"nowrap\" width=\"27%\">LAT04 EST 2<\/td>\n<td nowrap=\"nowrap\" width=\"13%\">\n<p align=\"right\">144,38<\/p>\n<\/td>\n<td nowrap=\"nowrap\" width=\"13%\">\n<p align=\"right\">192,24<\/p>\n<\/td>\n<\/tr>\n<tr>\n<td nowrap=\"nowrap\" width=\"44%\">Inyecci\u00f3n de Equipos<\/td>\n<td nowrap=\"nowrap\" width=\"27%\">MC99-31<\/td>\n<td nowrap=\"nowrap\" width=\"13%\">\n<p align=\"right\">1.157,68<\/p>\n<\/td>\n<td nowrap=\"nowrap\" width=\"13%\">\n<p align=\"right\">1.543,57<\/p>\n<\/td>\n<\/tr>\n<tr>\n<td nowrap=\"nowrap\" width=\"44%\">Inyecci\u00f3n cable 1,35 (0 a 500)<\/td>\n<td nowrap=\"nowrap\" width=\"27%\">MC99-1<\/td>\n<td nowrap=\"nowrap\" width=\"13%\">\n<p align=\"right\">1.663,41<\/p>\n<\/td>\n<td nowrap=\"nowrap\" width=\"13%\">\n<p align=\"right\">2.217,87<\/p>\n<\/td>\n<\/tr>\n<tr>\n<td nowrap=\"nowrap\" width=\"44%\">Inyecci\u00f3n cable 1,35 (501 a 1.600)<\/td>\n<td nowrap=\"nowrap\" width=\"27%\">MC99-2<\/td>\n<td nowrap=\"nowrap\" width=\"13%\">\n<p align=\"right\">1.592,89<\/p>\n<\/td>\n<td nowrap=\"nowrap\" width=\"13%\">\n<p align=\"right\">2.123,85<\/p>\n<\/td>\n<\/tr>\n<tr>\n<td nowrap=\"nowrap\" width=\"44%\">Inyecci\u00f3n cable 1,35 (1.601 a 2.000)<\/td>\n<td nowrap=\"nowrap\" width=\"27%\">MC99-3<\/td>\n<td nowrap=\"nowrap\" width=\"13%\">\n<p align=\"right\">1.381,91<\/p>\n<\/td>\n<td nowrap=\"nowrap\" width=\"13%\">\n<p align=\"right\">1.842,54<\/p>\n<\/td>\n<\/tr>\n<tr>\n<td nowrap=\"nowrap\" width=\"44%\">Cable CK<\/td>\n<td nowrap=\"nowrap\" width=\"27%\">MC99-22<\/td>\n<td nowrap=\"nowrap\" width=\"13%\">\n<p align=\"right\">1.662,35<\/p>\n<\/td>\n<td nowrap=\"nowrap\" width=\"13%\">\n<p align=\"right\">2.216,47<\/p>\n<\/td>\n<\/tr>\n<tr>\n<td nowrap=\"nowrap\" width=\"44%\">Pegado latiguillo<\/td>\n<td nowrap=\"nowrap\" width=\"27%\">599838<\/td>\n<td nowrap=\"nowrap\" width=\"13%\">\n<p align=\"right\">184,31<\/p>\n<\/td>\n<td nowrap=\"nowrap\" width=\"13%\">\n<p align=\"right\">245,75<\/p>\n<\/td>\n<\/tr>\n<tr>\n<td nowrap=\"nowrap\" width=\"44%\">Montar tapones latiguillo<\/td>\n<td nowrap=\"nowrap\" width=\"27%\">975694<\/td>\n<td nowrap=\"nowrap\" width=\"13%\">\n<p align=\"right\">374,82<\/p>\n<\/td>\n<td nowrap=\"nowrap\" width=\"13%\">\n<p align=\"right\">499,77<\/p>\n<\/td>\n<\/tr>\n<tr>\n<td nowrap=\"nowrap\" width=\"44%\">Contar y atar latiguillo<\/td>\n<td nowrap=\"nowrap\" width=\"27%\">597856<\/td>\n<td nowrap=\"nowrap\" width=\"13%\">\n<p align=\"right\">758,09<\/p>\n<\/td>\n<td nowrap=\"nowrap\" width=\"13%\">\n<p align=\"right\">1.010,79<\/p>\n<\/td>\n<\/tr>\n<tr>\n<td nowrap=\"nowrap\" width=\"44%\">Montar tornillo y protector a latiguillo<\/td>\n<td nowrap=\"nowrap\" width=\"27%\">LH012<\/td>\n<td nowrap=\"nowrap\" width=\"13%\">\n<p align=\"right\">165,76<\/p>\n<\/td>\n<td nowrap=\"nowrap\" width=\"13%\">\n<p align=\"right\">221,01<\/p>\n<\/td>\n<\/tr>\n<\/tbody>\n<\/table>\n<p style=\"text-align: justify;\">\n<p style=\"text-align: justify;\">\n<p style=\"text-align: justify;\">El Laudo \u00fanicamente podr\u00e1 recurrirse ante los tribunales competentes por cuestiones relacionadas con el procedimiento (falta de citaci\u00f3n o de audiencia), aspectos formales de la resoluci\u00f3n arbitral (incongruencia) o vulneraci\u00f3n de los derechos fundamentales o del principio de norma m\u00ednima.<\/p>\n<p style=\"text-align: justify;\">\n<p style=\"text-align: justify;\">En el plazo de siete d\u00edas h\u00e1biles a contar desde la notificaci\u00f3n del laudo, cualquiera de las partes podr\u00e1 solicitar del \u00e1rbitro o\u00a0 \u00e1rbitros, la aclaraci\u00f3n de alguno de los puntos de aqu\u00e9l, que tendr\u00e1 que facilitarse en el plazo m\u00e1ximo de 10 d\u00edas h\u00e1biles.<\/p>\n<p style=\"text-align: justify;\">\n<p style=\"text-align: justify;\">El tr\u00e1mite de aclaraci\u00f3n faculta a cualquiera de las partes a solicitar del \u00e1rbitro o \u00e1rbitros, \u00fanica y exclusivamente, la adecuada matizaci\u00f3n o esclarecimiento de alguno de los puntos contenidos en el laudo, sin que, en ning\u00fan caso, tal facultad pueda ser utilizada para rebatir los posicionamientos reflejados en la resoluci\u00f3n arbitral.<\/p>\n<p style=\"text-align: justify;\">\n<table border=\"0\" cellspacing=\"0\" cellpadding=\"0\">\n<tbody>\n<tr>\n<td valign=\"top\" width=\"300\">&nbsp;<\/p>\n<p>&nbsp;<\/p>\n<p>&nbsp;<\/td>\n<td valign=\"top\" width=\"341\">&nbsp;<\/td>\n<\/tr>\n<tr>\n<td width=\"300\">\n<p align=\"center\">Joaqu\u00edn Nebra Dob\u00f3n<\/p>\n<\/td>\n<td width=\"341\">Antonio Cast\u00e1n Sanclemente<\/td>\n<\/tr>\n<tr>\n<td width=\"300\">\n<p align=\"center\">\n<p align=\"center\">\n<p align=\"center\">\n<p align=\"center\">\n<p align=\"center\">\n<\/td>\n<td width=\"341\">\n<p align=\"center\">\n<\/td>\n<\/tr>\n<tr>\n<td width=\"300\">\n<p align=\"center\">Ignasi Puig Hern\u00e1ndez<\/p>\n<\/td>\n<td width=\"341\">Rosa Fern\u00e1ndez Nieto<\/td>\n<\/tr>\n<\/tbody>\n<\/table>\n<p style=\"text-align: justify;\">\n<p style=\"text-align: justify;\">\n<p style=\"text-align: justify;\">\n<p style=\"text-align: justify;\">\n<p style=\"text-align: justify;\">\n<p style=\"text-align: justify;\">\n<p style=\"text-align: justify;\">\n<p style=\"text-align: justify;\">\n<p style=\"text-align: justify;\">\n<p style=\"text-align: justify;\">\n<p style=\"text-align: justify;\">\n<p style=\"text-align: justify;\">\n<p style=\"text-align: justify;\">\n<p style=\"text-align: justify;\">\n<p style=\"text-align: justify;\">\n<p style=\"text-align: justify;\">\n<p style=\"text-align: justify;\">\n<p style=\"text-align: justify;\">\n<p style=\"text-align: justify;\">\n<p style=\"text-align: justify;\">\n<p style=\"text-align: justify;\">\n<p style=\"text-align: justify;\">\n<p style=\"text-align: justify;\">\n<p style=\"text-align: justify;\">\n<p style=\"text-align: justify;\">\n<p style=\"text-align: justify;\">\n<p style=\"text-align: justify;\">\n<p style=\"text-align: justify;\">\n<p style=\"text-align: justify;\">\n<p style=\"text-align: justify;\">\n<p style=\"text-align: justify;\">\n<p style=\"text-align: justify;\">\n<p style=\"text-align: justify;\">\n","protected":false},"excerpt":{"rendered":"<p>\u00a0 LAUDO ARBITRAL DICTADO\u00a0 POR LA DELEGACI\u00d3N DE BARCELONA DEL TRIBUNAL LABORAL DE CATALUNYA, COMPUESTA POR LOS SIGUIENTES MIEMBROS: DON JOAQU\u00cdN NEBRA DOB\u00d3N, PRESIDENTE;\u00a0 DON ANTONIO CASTAN SANCLEMENTE, DON IGNASI PUIG HERN\u00c1NDEZ Y DO\u00d1A ROSA FERN\u00c1NDEZ NIETO, VOCALES EN EL EXPEDIENTE PAB 307\/2004 J. J., S.A., EL D\u00cdA 30 DE JULIOL DE 2004. ANTECEDENTES DE&hellip;<\/p>\n","protected":false},"author":2,"featured_media":0,"comment_status":"closed","ping_status":"closed","sticky":false,"template":"","format":"standard","meta":{"footnotes":""},"categories":[554,650,719],"tags":[],"class_list":["post-10294","post","type-post","status-publish","format-standard","hentry","category-2004-es","category-metodos-y-tiempos","category-valoracion-de-puestos-de-trabajo","category-554","category-650","category-719","description-off"],"_links":{"self":[{"href":"https:\/\/www.tribulab.cat\/es\/wp-json\/wp\/v2\/posts\/10294","targetHints":{"allow":["GET"]}}],"collection":[{"href":"https:\/\/www.tribulab.cat\/es\/wp-json\/wp\/v2\/posts"}],"about":[{"href":"https:\/\/www.tribulab.cat\/es\/wp-json\/wp\/v2\/types\/post"}],"author":[{"embeddable":true,"href":"https:\/\/www.tribulab.cat\/es\/wp-json\/wp\/v2\/users\/2"}],"replies":[{"embeddable":true,"href":"https:\/\/www.tribulab.cat\/es\/wp-json\/wp\/v2\/comments?post=10294"}],"version-history":[{"count":0,"href":"https:\/\/www.tribulab.cat\/es\/wp-json\/wp\/v2\/posts\/10294\/revisions"}],"wp:attachment":[{"href":"https:\/\/www.tribulab.cat\/es\/wp-json\/wp\/v2\/media?parent=10294"}],"wp:term":[{"taxonomy":"category","embeddable":true,"href":"https:\/\/www.tribulab.cat\/es\/wp-json\/wp\/v2\/categories?post=10294"},{"taxonomy":"post_tag","embeddable":true,"href":"https:\/\/www.tribulab.cat\/es\/wp-json\/wp\/v2\/tags?post=10294"}],"curies":[{"name":"wp","href":"https:\/\/api.w.org\/{rel}","templated":true}]}}