{"id":10149,"date":"2012-03-09T11:11:05","date_gmt":"2012-03-09T10:11:05","guid":{"rendered":"https:\/\/sserver1.local\/pab-525-06\/"},"modified":"2024-01-10T07:55:44","modified_gmt":"2024-01-10T06:55:44","slug":"pab-525-06","status":"publish","type":"post","link":"https:\/\/www.tribulab.cat\/es\/pab-525-06\/","title":{"rendered":"PAB 525\/06"},"content":{"rendered":"<p style=\"text-align: justify;\" align=\"center\">\u00a0LAUDO ARBITRAL<\/p>\n<p style=\"text-align: justify;\">\n<p style=\"text-align: justify;\">DICTADO\u00a0 POR LA DELEGACI\u00d3N DE BARCELONA DEL TRIBUNAL LABORAL DE CATALUNYA, COMPUESTA POR LOS SIGUIENTES MIEMBROS: DON ANTONIO CAST\u00c1N SANCLEMENTE, PRESIDENTE; DO\u00d1A MARISOL MORALES DE CANO, DON CANDIDO ROMERO BARRANQUERO Y DON RAM\u00d3N DE LA MORA I DE PLANELL, VOCALES EN EL EXPEDIENTE PAB 525\/2006 \u2013 M&#8230;, S.A-, EL D\u00cdA 6 DE NOVIEMBRE DE 2006.<\/p>\n<p style=\"text-align: justify;\">\n<p style=\"text-align: justify;\" align=\"center\">\n<p style=\"text-align: justify;\" align=\"center\">ANTECEDENTES DE HECHO<\/p>\n<p style=\"text-align: justify;\">\n<p style=\"text-align: justify;\">\n<p style=\"text-align: justify;\">PRIMERO:.- El d\u00eda 19 de septiembre de 2006, el Comit\u00e9 de Empresa de M\u2026 presentaron Escrito Introductorio al Tr\u00e1mite de Conciliaci\u00f3n ante este Tribunal Laboral de Catalunya, que fue registrado con el n\u00famero PCB 512\/2006.<\/p>\n<p style=\"text-align: justify;\">\n<p style=\"text-align: justify;\">SEGUNDO:.- Debidamente citadas las partes fue intentada la Conciliaci\u00f3n del Tribunal Laboral de Catalunya, el d\u00eda 26 de septiembre de 2006, de cuya reuni\u00f3n se levant\u00f3 la correspondiente acta con el resultado final de ACUERDO, los t\u00e9rminos del cual se transcriben a continuaci\u00f3n:<\/p>\n<p style=\"text-align: justify;\">\n<p style=\"text-align: justify;\">\n<p style=\"text-align: justify;\">PRIMERO:.-Ambas partes se someten expresamente al tr\u00e1mite de arbitraje previsto en los art\u00edculos 17 y 18 del Reglamento de Funcionamiento del Tribunal Laboral de Catalunya, y a tales efectos nombran por unanimidad a la propia Delegaci\u00f3n de Barcelona del Tribunal Laboral de Catalunya \u00a0que ha conocido del procedimiento de Conciliaci\u00f3n.<\/p>\n<p style=\"text-align: justify;\">\n<p style=\"text-align: justify;\">SEGUNDO:.-La cuesti\u00f3n a dirimir que es objeto del arbitraje al que se someten ambas representaciones se concreta en lo siguiente:<\/p>\n<p style=\"text-align: justify;\">\n<p style=\"text-align: justify;\">Determinar la actividad normal y la actividad 120 de las siguientes referencias:<\/p>\n<p style=\"text-align: justify;\">\n<p style=\"text-align: justify;\">&#8211; Conjunto traviesa bajo parabrisas (spo 803 141 A) con 1operario<\/p>\n<p style=\"text-align: justify;\">\n<p style=\"text-align: justify;\">&#8211; Montante A superior con 1 operario y con 2 operarios, piezas 352 y 359<\/p>\n<p style=\"text-align: justify;\">\n<p style=\"text-align: justify;\">&#8211; Tapa larguero (spo 804105)<\/p>\n<p style=\"text-align: justify;\">\n<p style=\"text-align: justify;\">TERCERO:.-El arbitraje al que se someten ambas representaciones tiene calidad de arbitraje de derecho.<\/p>\n<p style=\"text-align: justify;\">\n<p style=\"text-align: justify;\">CUARTO:.-Con la firma de la presente Acta de Conciliaci\u00f3n o Mediaci\u00f3n que refleja el acuerdo entre las partes, se da por formalizado el Convenio Arbitral.<\/p>\n<p style=\"text-align: justify;\">\n<p style=\"text-align: justify;\">\n<p style=\"text-align: justify;\">QUINTO:.- Con el presente acto de conciliaci\u00f3n o mediaci\u00f3n se da cumplimiento al tr\u00e1mite de Audiencia previsto en el Reglamento de Funcionamiento del Tribunal Laboral de Catalunya.<\/p>\n<p style=\"text-align: justify;\">\n<p style=\"text-align: justify;\">SEXTO:.- La Delegaci\u00f3n de Barcelona del Tribunal Laboral de Catalunya solicitar\u00e1, en funci\u00f3n de las competencias asignadas por el Reglamento de Funcionamiento, informe pericial a la Comisi\u00f3n T\u00e9cnica de Organizaci\u00f3n del Trabajo del propio Tribunal, que tendr\u00e1 la consideraci\u00f3n de documento interno para uso exclusivo de los miembros de la propia Delegaci\u00f3n, no formando parte, por tanto del presente expediente.<\/p>\n<p style=\"text-align: justify;\">\n<p style=\"text-align: justify;\">La Delegaci\u00f3n de Barcelona del Tribunal Laboral de Catalunya comunica a ambas representaciones que los miembros de la Comisi\u00f3n T\u00e9cnica de Organizaci\u00f3n del Trabajo designados para confeccionar el citado informe ser\u00e1n los Srs. Antonio Trigueros Cerezo y Mart\u00edn Ribas S\u00e1nchez.<\/p>\n<p style=\"text-align: justify;\">\n<p style=\"text-align: justify;\">Ambas partes disponen del plazo de 24 horas a partir de la fecha de hoy, para comunicar por escrito a este Tribunal la existencia de alguna posible incompatibilidad, en su caso debidamente fundada, de los t\u00e9cnicos designados.<\/p>\n<p style=\"text-align: justify;\">\n<p style=\"text-align: justify;\">La intervenci\u00f3n de los t\u00e9cnicos que componen la mencionada Comisi\u00f3n se ajustar\u00e1 a los par\u00e1metros l\u00f3gicos que deben configurar un informe pericial, sin que sea factible, por tanto, la realizaci\u00f3n de estudios de medici\u00f3n que representen una utilizaci\u00f3n del citado servicio en t\u00e9rminos superiores a los establecidos, es por esto, que \u00fanicamente podr\u00e1n realizar su dictamen\u00a0 t\u00e9cnico dentro de los l\u00edmites presupuestarios establecidos al respecto por el Patronato de la Fundaci\u00f3n Tribunal Laboral de Catalunya.<\/p>\n<p style=\"text-align: justify;\">\n<p style=\"text-align: justify;\">SEPTIMO:.-Ambas representaciones dejan constancia expresa de que el Laudo Arbitral que se dicte como consecuencia del arbitraje al que se someten voluntaria y expresamente, tendr\u00e1 efectos vinculantes de acuerdo con la legislaci\u00f3n vigente, comprometi\u00e9ndose a estar y pasar por lo que en \u00e9l se establezca.<\/p>\n<p style=\"text-align: justify;\" align=\"center\">\n<p style=\"text-align: justify;\" align=\"center\">\n<p style=\"text-align: justify;\">\n<p style=\"text-align: justify;\" align=\"center\">FUNDAMENTOS JUR\u00cdDICOS<\/p>\n<p style=\"text-align: justify;\" align=\"center\">\n<p style=\"text-align: justify;\">\n<p style=\"text-align: justify;\">I) El Tribunal Laboral de Catalunya es competente para conocer y resolver el presente procedimiento arbitral, a tenor de lo previsto en el Acuerdo Interprofesional de Catalunya de 7 de noviembre de 1990, en el Reglamento de Funcionamiento del propio Tribunal y al amparo de lo establecido en los art\u00edculos 63 y 153 de la vigente Ley de Procedimiento Laboral.<\/p>\n<p style=\"text-align: justify;\">\n<p style=\"text-align: justify;\">II) A tenor de lo previsto en el punto 8\u00ba del art\u00edculo 18 del Reglamento de Funcionamiento del Tribunal Laboral de Catalunya, \u00e9ste solicit\u00f3 a la Comisi\u00f3n T\u00e9cnica de Organizaci\u00f3n del Trabajo del mismo, informe pericial sobre la controversia planteada.<\/p>\n<p style=\"text-align: justify;\">\n<p style=\"text-align: justify;\">III) La Comisi\u00f3n T\u00e9cnica de Organizaci\u00f3n del Trabajo del Tribunal Laboral de Catalunya se person\u00f3 por primera vez en las instalaciones de la Empresa el d\u00eda 11 de octubre de 2006, con objeto de reunirse con las partes para concretar los aspectos en discusi\u00f3n respecto del estudio a realizar; recoger la informaci\u00f3n facilitada por ambas partes, asimismo el mencionado d\u00eda 11 de octubre, levantaron Acta\u00a0 solicitando a la Delegaci\u00f3n de Barcelona del TLC una prorroga para la entrega del Informe T\u00e9cnico, en dicha Acta se concretaron los\u00a0 t\u00e9rminos correctos de la petici\u00f3n siendo la misma la que a continuaci\u00f3n se detalla:<\/p>\n<p style=\"text-align: justify;\">\n<p style=\"text-align: justify;\">Determinar la producci\u00f3n horaria a la actividad norma y la actividad 120 de las siguientes referencias:<\/p>\n<p style=\"text-align: justify;\">\n<p style=\"text-align: justify;\">&#8211;\u00a0\u00a0\u00a0\u00a0\u00a0\u00a0\u00a0\u00a0 Conjunto traviesa bajo parabrisas (5PO 803 141 A)\u00a0 con 1 operario.<\/p>\n<p style=\"text-align: justify;\">&#8211;\u00a0\u00a0\u00a0\u00a0\u00a0\u00a0\u00a0\u00a0 Montante A superior con 1 operario. Piezas 352 y 359<\/p>\n<p style=\"text-align: justify;\">&#8211;\u00a0\u00a0\u00a0\u00a0\u00a0\u00a0\u00a0\u00a0 Montante A superior con 2 operarios. Piezas 352 y 359<\/p>\n<p style=\"text-align: justify;\">&#8211;\u00a0\u00a0\u00a0\u00a0\u00a0\u00a0\u00a0\u00a0 Tapa larguero (5PO 804 105 A) con 1 operario.<\/p>\n<p style=\"text-align: justify;\">\n<p style=\"text-align: justify;\">El d\u00eda 16 de Octubre de 2006, la Comisi\u00f3n T\u00e9cnica de Organizaci\u00f3n del Trabajo del Tribunal Laboral de Catalunya, volvi\u00f3 a personarse en la empresa, con el objeto de realizar la toma de datos sobre los puestos de trabajo.<\/p>\n<p style=\"text-align: justify;\">\n<p style=\"text-align: justify;\">\n<p style=\"text-align: justify;\">Por todo cuanto antecede, se dicta el siguiente:<\/p>\n<p style=\"text-align: justify;\" align=\"center\">\n<p style=\"text-align: justify;\">\n<p style=\"text-align: justify;\" align=\"center\">LAUDO<\/p>\n<p style=\"text-align: justify;\" align=\"center\">\n<p style=\"text-align: justify;\">La producci\u00f3n a actividad normal y a actividad 120 de las referencias que han sido objeto de estudio, es la que se detalla en el siguiente cuadro:<\/p>\n<p style=\"text-align: justify;\">\n<p style=\"text-align: justify;\">\n<table border=\"1\" cellspacing=\"0\" cellpadding=\"0\">\n<tbody>\n<tr>\n<td colspan=\"3\" valign=\"top\" width=\"449\">\n<h1>TIPO DE PIEZA<\/h1>\n<\/td>\n<td colspan=\"2\" valign=\"top\" width=\"162\">\n<h3>PRODUCCI\u00d3N\/HORA<\/h3>\n<\/td>\n<\/tr>\n<tr>\n<td rowspan=\"2\" width=\"66\">Posici\u00f3n<\/td>\n<td rowspan=\"2\" width=\"298\">Designaci\u00f3n y Referencia<\/td>\n<td rowspan=\"2\" width=\"84\">\n<p align=\"center\">N\u00ba de operarios del puesto<\/p>\n<\/td>\n<td colspan=\"2\" width=\"162\">\n<p align=\"center\">Piezas o Conjuntos<\/p>\n<\/td>\n<\/tr>\n<tr>\n<td valign=\"top\" width=\"84\">\n<p align=\"center\">Actividad Normal<\/p>\n<\/td>\n<td valign=\"top\" width=\"78\">\n<p align=\"center\">Actividad<\/p>\n<p align=\"center\">120,00<\/p>\n<\/td>\n<\/tr>\n<tr>\n<td width=\"66\">\n<p align=\"center\">1<\/p>\n<\/td>\n<td valign=\"top\" width=\"298\">Conjunto traviesa bajo parabrisas<\/p>\n<p>Referencia (5PO 803 141\u00aa)<\/td>\n<td width=\"84\">\n<p align=\"center\">1<\/p>\n<\/td>\n<td width=\"84\">\n<p align=\"center\">30,75<\/p>\n<\/td>\n<td width=\"78\">\n<p align=\"center\">32,78<\/p>\n<\/td>\n<\/tr>\n<tr>\n<td rowspan=\"4\" width=\"66\">\n<p align=\"center\">2<\/p>\n<\/td>\n<td valign=\"top\" width=\"298\">2.1. Montante A. Interior superior Piezas 352 (derecha+izquierda)<\/p>\n<p>Ref.(VA053\/4SOR05 der.), (VA054\/4SOR05 izq)<\/td>\n<td width=\"84\">\n<p align=\"center\">1<\/p>\n<\/td>\n<td width=\"84\">\n<p align=\"center\">17,14<\/p>\n<\/td>\n<td width=\"78\">\n<p align=\"center\">18,89<\/p>\n<\/td>\n<\/tr>\n<tr>\n<td valign=\"top\" width=\"298\">2.2. Montante A interior superior Piezas 359 (derecha+izquierda)<\/p>\n<p>Ref. (V4131SOR17 der.) (V4132SOR17 izq)<\/td>\n<td width=\"84\">\n<p align=\"center\">1<\/p>\n<\/td>\n<td width=\"84\">\n<p align=\"center\">18,21<\/p>\n<\/td>\n<td width=\"78\">\n<p align=\"center\">20,05<\/p>\n<\/td>\n<\/tr>\n<tr>\n<td valign=\"top\" width=\"298\">2.3. Montante A interior superior Piezas 352 (derecha+izquierda)<\/p>\n<p>Ref.(VA053\/4SOR05 der). (VA054\/4SOR05 izq)<\/td>\n<td width=\"84\">\n<p align=\"center\">2<\/p>\n<\/td>\n<td width=\"84\">\n<p align=\"center\">37,29<\/p>\n<\/td>\n<td width=\"78\">\n<p align=\"center\">39,01<\/p>\n<\/td>\n<\/tr>\n<tr>\n<td valign=\"top\" width=\"298\">2.4. Montante A interior superior Piezas 359 (derecha+izquierda)<\/p>\n<p>Ref. (V4131SOR17 der), (V4132SOR17izq)<\/td>\n<td width=\"84\">\n<p align=\"center\">2<\/p>\n<\/td>\n<td width=\"84\">\n<p align=\"center\">38,7<\/p>\n<\/td>\n<td width=\"78\">\n<p align=\"center\">39,01<\/p>\n<\/td>\n<\/tr>\n<tr>\n<td width=\"66\">\n<p align=\"center\">3<\/p>\n<\/td>\n<td valign=\"top\" width=\"298\">Tapa larguero<\/td>\n<td width=\"84\">\n<p align=\"center\">1<\/p>\n<\/td>\n<td valign=\"top\" width=\"84\">\n<p align=\"center\">61,44<\/p>\n<\/td>\n<td valign=\"top\" width=\"78\">\n<p align=\"center\">64,50<\/p>\n<\/td>\n<\/tr>\n<\/tbody>\n<\/table>\n<p style=\"text-align: justify;\">\n<p style=\"text-align: justify;\">Notas aclaratorias:<\/p>\n<p style=\"text-align: justify;\">\n<p style=\"text-align: justify;\">1.- En el caso de la operaci\u00f3n a realizar al Montante Interior Superior de la Pieza 352 Referencia (VA 053\/4SOR05), al no haber podido disponer OF de producci\u00f3n los d\u00edas de nuestra visita a la empresa, hemos realizado una simulaci\u00f3n de la operaci\u00f3n N\u00ba 7 (coger pieza en rampa, realizar autocontrol al 100% marcar con l\u00e1piz tuercas y tuker, colgar en contenedor), en el supuesto de que estas piezas tienen 3 puntos m\u00e1s de observaci\u00f3n y marcaje en relaci\u00f3n a la Pieza\u00a0 359 que se estaba midiendo en ese momento.<\/p>\n<p style=\"text-align: justify;\">\n<p style=\"text-align: justify;\">Para estas Piezas 352 y 359, que componen la posici\u00f3n 2 del cuadro, las producciones\/hora se dan referidas a la unidad \u201cCto 2 piezas\u201d (izquierda + derecha)<\/p>\n<p style=\"text-align: justify;\">\n<p style=\"text-align: justify;\">La operaci\u00f3n del proceso N\u00ba 6 (\u00fatil F realiza un taladro de 20mm de di\u00e1metro), realizada autom\u00e1ticamente en la estaci\u00f3n F de los Robots en el caso de la mencionada pieza 352, su tiempo m\u00e1quina de ejecuci\u00f3n es simultaneo al de los tiempos m\u00e1quina dominantes del conjunto de los Robots, por ello, al tratarse de piezas similares sometidas al mismo proceso, no hay diferencia con el tiempo m\u00e1quina dominante establecido por la pieza 359.<\/p>\n<p style=\"text-align: justify;\">\n<p style=\"text-align: justify;\">2.- Para los tiempos m\u00e1quina de los movimientos del conjunto de los Robots, se han considerado los valores que se daban en el momento de realizar nuestro an\u00e1lisis.<\/p>\n<p style=\"text-align: justify;\">\n<p style=\"text-align: justify;\">3.- Los valores frecuenciales no regulares o intermitentes, se han incorporado a nuestro an\u00e1lisis de acuerdo con lo establecido en el m\u00e9todo de operaciones propuesto por la Oficina T\u00e9cnica de la empresa.<\/p>\n<p style=\"text-align: justify;\">\n<p style=\"text-align: justify;\">\n<p style=\"text-align: justify;\">El Laudo \u00fanicamente podr\u00e1 recurrirse ante los tribunales competentes por cuestiones relacionadas con el procedimiento (falta de citaci\u00f3n o de audiencia), aspectos formales de la resoluci\u00f3n arbitral (incongruencia) o vulneraci\u00f3n de los derechos fundamentales o del principio de norma m\u00ednima.<\/p>\n<p style=\"text-align: justify;\">\n<p style=\"text-align: justify;\">En el plazo de siete d\u00edas h\u00e1biles a contar desde la notificaci\u00f3n del laudo, cualquiera de las partes podr\u00e1 solicitar del \u00e1rbitro o\u00a0 \u00e1rbitros, la aclaraci\u00f3n de alguno de los puntos de aqu\u00e9l, que tendr\u00e1 que facilitarse en el plazo m\u00e1ximo de 10 d\u00edas h\u00e1biles.<\/p>\n<p style=\"text-align: justify;\">\n<p style=\"text-align: justify;\">El tr\u00e1mite de aclaraci\u00f3n faculta a cualquiera de las partes a solicitar del \u00e1rbitro o \u00e1rbitros, \u00fanica y exclusivamente, la adecuada matizaci\u00f3n o esclarecimiento de alguno de los puntos contenidos en el laudo, sin que, en ning\u00fan caso, tal facultad pueda ser utilizada para rebatir los posicionamientos reflejados en la resoluci\u00f3n arbitral.<\/p>\n<p style=\"text-align: justify;\">\n<table width=\"610\" border=\"0\" cellspacing=\"0\" cellpadding=\"0\">\n<tbody>\n<tr>\n<td valign=\"top\" width=\"298\">&nbsp;<\/td>\n<td valign=\"top\" width=\"312\">&nbsp;<\/p>\n<p>&nbsp;<\/p>\n<p>&nbsp;<\/p>\n<p>&nbsp;<\/p>\n<p>&nbsp;<\/td>\n<\/tr>\n<tr>\n<td width=\"298\">\n<p align=\"center\">Antonio Castan Sanclemente<\/p>\n<\/td>\n<td width=\"312\">\n<p align=\"center\">Marisol Morales de Cano<\/p>\n<\/td>\n<\/tr>\n<tr>\n<td valign=\"top\" width=\"298\">&nbsp;<\/td>\n<td valign=\"top\" width=\"312\">&nbsp;<\/td>\n<\/tr>\n<tr>\n<td width=\"298\">\n<p align=\"center\">C\u00e1ndido Romero Barranquero<\/p>\n<\/td>\n<td width=\"312\">\n<p align=\"center\">Ram\u00f3n de la Mora y de Planell<\/p>\n<\/td>\n<\/tr>\n<\/tbody>\n<\/table>\n<p style=\"text-align: justify;\">\n","protected":false},"excerpt":{"rendered":"<p>\u00a0LAUDO ARBITRAL DICTADO\u00a0 POR LA DELEGACI\u00d3N DE BARCELONA DEL TRIBUNAL LABORAL DE CATALUNYA, COMPUESTA POR LOS SIGUIENTES MIEMBROS: DON ANTONIO CAST\u00c1N SANCLEMENTE, PRESIDENTE; DO\u00d1A MARISOL MORALES DE CANO, DON CANDIDO ROMERO BARRANQUERO Y DON RAM\u00d3N DE LA MORA I DE PLANELL, VOCALES EN EL EXPEDIENTE PAB 525\/2006 \u2013 M&#8230;, S.A-, EL D\u00cdA 6 DE NOVIEMBRE&hellip;<\/p>\n","protected":false},"author":2,"featured_media":0,"comment_status":"closed","ping_status":"closed","sticky":false,"template":"","format":"standard","meta":{"footnotes":""},"categories":[556,650,679],"tags":[],"class_list":["post-10149","post","type-post","status-publish","format-standard","hentry","category-2006-es","category-metodos-y-tiempos","category-produccion-a-actividad-normal","category-556","category-650","category-679","description-off"],"_links":{"self":[{"href":"https:\/\/www.tribulab.cat\/es\/wp-json\/wp\/v2\/posts\/10149","targetHints":{"allow":["GET"]}}],"collection":[{"href":"https:\/\/www.tribulab.cat\/es\/wp-json\/wp\/v2\/posts"}],"about":[{"href":"https:\/\/www.tribulab.cat\/es\/wp-json\/wp\/v2\/types\/post"}],"author":[{"embeddable":true,"href":"https:\/\/www.tribulab.cat\/es\/wp-json\/wp\/v2\/users\/2"}],"replies":[{"embeddable":true,"href":"https:\/\/www.tribulab.cat\/es\/wp-json\/wp\/v2\/comments?post=10149"}],"version-history":[{"count":0,"href":"https:\/\/www.tribulab.cat\/es\/wp-json\/wp\/v2\/posts\/10149\/revisions"}],"wp:attachment":[{"href":"https:\/\/www.tribulab.cat\/es\/wp-json\/wp\/v2\/media?parent=10149"}],"wp:term":[{"taxonomy":"category","embeddable":true,"href":"https:\/\/www.tribulab.cat\/es\/wp-json\/wp\/v2\/categories?post=10149"},{"taxonomy":"post_tag","embeddable":true,"href":"https:\/\/www.tribulab.cat\/es\/wp-json\/wp\/v2\/tags?post=10149"}],"curies":[{"name":"wp","href":"https:\/\/api.w.org\/{rel}","templated":true}]}}