{"id":10146,"date":"2012-03-09T11:06:08","date_gmt":"2012-03-09T10:06:08","guid":{"rendered":"https:\/\/sserver1.local\/pab-510-06\/"},"modified":"2024-01-10T07:55:44","modified_gmt":"2024-01-10T06:55:44","slug":"pab-510-06","status":"publish","type":"post","link":"https:\/\/www.tribulab.cat\/es\/pab-510-06\/","title":{"rendered":"PAB 510\/06"},"content":{"rendered":"<p style=\"text-align: justify;\" align=\"center\">\u00a0LAUDO ARBITRAL<\/p>\n<p style=\"text-align: justify;\">\n<p style=\"text-align: justify;\">DICTADO\u00a0 POR LA DELEGACI\u00d3N DE BARCELONA DEL TRIBUNAL LABORAL DE CATALUNYA, COMPUESTA POR LOS SIGUIENTES MIEMBROS: DON ANTONIO MART\u00cdNEZ DEL HOYO CLEMENTE, PRESIDENTE; DON RAFAEL MART\u00cdNEZ ROMERO, DON MIQUEL PORRET GELABERT, DO\u00d1A VANESA L\u00d3PEZ POCOSTALES Y DON JOS\u00c9 LUIS ARRABAL ALBA, VOCALES EN EL EXPEDIENTE PAB 510\/2006 \u2013 A. B., S.L.-, EL D\u00cdA 29 DE NOVIEMBRE DE 2006.<\/p>\n<p style=\"text-align: justify;\">\n<p style=\"text-align: justify;\">\n<p style=\"text-align: justify;\" align=\"center\">ANTECEDENTES DE HECHO<\/p>\n<p style=\"text-align: justify;\">\n<p style=\"text-align: justify;\">\n<p style=\"text-align: justify;\">PRIMERO:.- El d\u00eda 12 de septiembre de 2006, el Comit\u00e9 de Empresa de A. B.,S.L., present\u00f3 Escrito Introductorio al Tr\u00e1mite de Conciliaci\u00f3n ante este Tribunal Laboral de Catalunya, que fue registrado con el n\u00famero PCB 494\/2006.<\/p>\n<p style=\"text-align: justify;\">\n<p style=\"text-align: justify;\">SEGUNDO:.- Debidamente citadas las partes fue intentada la Conciliaci\u00f3n del Tribunal Laboral de Catalunya, el d\u00eda 19 de septiembre de 2006, de cuya reuni\u00f3n se levant\u00f3 la correspondiente acta con el resultado final de ACUERDO, los t\u00e9rminos del cual se transcriben a continuaci\u00f3n:<\/p>\n<p style=\"text-align: justify;\">\n<p style=\"text-align: justify;\">PRIMERO:.-Ambas partes se someten expresamente al tr\u00e1mite de arbitraje previsto en los art\u00edculos 17 y 18 del Reglamento de Funcionamiento del Tribunal Laboral de Catalunya, y a tales efectos nombran por unanimidad a la propia Delegaci\u00f3n de Barcelona del Tribunal Laboral de Catalunya\u00a0 que ha conocido del procedimiento de Conciliaci\u00f3n o Mediaci\u00f3n.<\/p>\n<p style=\"text-align: justify;\">\n<p style=\"text-align: justify;\">SEGUNDO:.-La cuesti\u00f3n a dirimir que es objeto del arbitraje al que se someten ambas representaciones se concreta en lo siguiente:<\/p>\n<p style=\"text-align: justify;\">\n<p style=\"text-align: justify;\">Determinar la actividad a producci\u00f3n normal, as\u00ed como las pausas de descanso en base a los coeficientes de fatiga y necesidades personales, de las m\u00e1quinas Anexca y RadeMaker, en las siguientes referencias:<\/p>\n<p style=\"text-align: justify;\">\n<p style=\"text-align: justify;\">M\u00e1quina Anexca:<\/p>\n<p style=\"text-align: justify;\">\n<p style=\"text-align: justify;\">Artesanito normal\u00a0 manteca y sus derivados de relleno (Ref. 01016)<\/p>\n<p style=\"text-align: justify;\">\n<p style=\"text-align: justify;\">M\u00e1quina RadeMaker:<\/p>\n<p style=\"text-align: justify;\">\n<p style=\"text-align: justify;\">Croissant artesano fermentado (Ref. 11401)<\/p>\n<p style=\"text-align: justify;\">Croissant artesano de manteca fermentado (Ref. 11402)<\/p>\n<p style=\"text-align: justify;\">Super Croissant (Ref. 21407)<\/p>\n<p style=\"text-align: justify;\">Ensaimada fermentada (Ref. 01416)<\/p>\n<p style=\"text-align: justify;\">Mini ensaimada (Ref. 01054)<\/p>\n<p style=\"text-align: justify;\">\n<p style=\"text-align: justify;\">\n<p style=\"text-align: justify;\">TERCERO:.-El arbitraje al que se someten ambas representaciones tiene calidad de arbitraje de derecho.<\/p>\n<p style=\"text-align: justify;\">\n<p style=\"text-align: justify;\">CUARTO:.-Con la firma de la presente Acta de Conciliaci\u00f3n o Mediaci\u00f3n que refleja el acuerdo entre las partes, se da por formalizado el Convenio Arbitral.<\/p>\n<p style=\"text-align: justify;\">\n<p style=\"text-align: justify;\">QUINTO:.-Con el presente acto de conciliaci\u00f3n o mediaci\u00f3n se da cumplimiento al tr\u00e1mite de Audiencia previsto en el Reglamento de Funcionamiento del Tribunal Laboral de Catalunya.<\/p>\n<p style=\"text-align: justify;\">\n<p style=\"text-align: justify;\">SEXTO:.-La Delegaci\u00f3n de Barcelona del Tribunal Laboral\u00a0 de Catalunya solicitar\u00e1, en funci\u00f3n de las competencias asignadas por el Reglamento de Funcionamiento, informe pericial a la Comisi\u00f3n T\u00e9cnica de Organizaci\u00f3n del Trabajo del propio Tribunal, que tendr\u00e1 la consideraci\u00f3n de documento interno para uso exclusivo de los miembros de la propia Delegaci\u00f3n, no formando parte, por tanto del presente expediente.<\/p>\n<p style=\"text-align: justify;\">\n<p style=\"text-align: justify;\">La Delegaci\u00f3n de Barcelona del TLC comunica a ambas representaciones que los miembros de la Comisi\u00f3n T\u00e9cnica de Organizaci\u00f3n del Trabajo designados para confeccionar el citado informe ser\u00e1n los Srs. Albert Calvo Sim\u00f3n y Mart\u00edn Ribas S\u00e1nchez.<\/p>\n<p style=\"text-align: justify;\">\n<p style=\"text-align: justify;\">(*) Consta en el expediente documento de fecha 21 de septiembre de 2006, mediante el cual el Miembro de la Comisi\u00f3n T\u00e9cnica de Organizaci\u00f3n del Trabajo, Sr. Mart\u00edn Ribas S\u00e1nchez comunica a la Delegaci\u00f3n de Barcelona del Tribunal Laboral, su imposibilidad de atender la petici\u00f3n del Informe T\u00e9cnico, siendo el Sr. Joaquim Nogues i Llagostera, el t\u00e9cnico que sustituye al mencionado Sr. Mart\u00edn Ribas S\u00e1nchez<\/p>\n<p style=\"text-align: justify;\">\n<p style=\"text-align: justify;\">Ambas partes disponen del plazo de 24 horas a partir de la fecha de hoy, para comunicar por escrito a este Tribunal la existencia de alguna posible incompatibilidad, en su caso debidamente fundada, de los t\u00e9cnicos designados.<\/p>\n<p style=\"text-align: justify;\">\n<p style=\"text-align: justify;\">La intervenci\u00f3n de los t\u00e9cnicos que componen la mencionada Comisi\u00f3n se ajustar\u00e1 a los par\u00e1metros l\u00f3gicos que deben configurar un informe pericial, sin que sea factible, por tanto, la realizaci\u00f3n de estudios de medici\u00f3n que representen una utilizaci\u00f3n del citado servicio en t\u00e9rminos superiores a los establecidos, es por esto, que \u00fanicamente podr\u00e1n realizar su dictamen\u00a0 t\u00e9cnico dentro de los l\u00edmites presupuestarios establecidos al respecto por el Patronato de la Fundaci\u00f3n Tribunal Laboral de Catalunya.<\/p>\n<p style=\"text-align: justify;\">\n<p style=\"text-align: justify;\">SEPTIMO:.-Ambas representaciones dejan constancia expresa de que el Laudo Arbitral que se dicte como consecuencia del arbitraje al que se someten voluntaria y expresamente, tendr\u00e1 efectos vinculantes de acuerdo con la legislaci\u00f3n vigente, comprometi\u00e9ndose a estar y pasar por lo que en \u00e9l se establezca.<\/p>\n<p style=\"text-align: justify;\" align=\"center\">\n<p style=\"text-align: justify;\" align=\"center\">\n<p style=\"text-align: justify;\" align=\"center\">FUNDAMENTOS JUR\u00cdDICOS<\/p>\n<p style=\"text-align: justify;\" align=\"center\">\n<p style=\"text-align: justify;\">\n<p style=\"text-align: justify;\">I) El Tribunal Laboral de Catalunya es competente para conocer y resolver el presente procedimiento arbitral, a tenor de lo previsto en el Acuerdo Interprofesional de Catalunya de 7 de noviembre de 1990, en el Reglamento de Funcionamiento del propio Tribunal y al amparo de lo establecido en los art\u00edculos 63 y 153 de la vigente Ley de Procedimiento Laboral.<\/p>\n<p style=\"text-align: justify;\">\n<p style=\"text-align: justify;\">II) A tenor de lo previsto en el punto 8\u00ba del art\u00edculo 18 del Reglamento de Funcionamiento del Tribunal Laboral de Catalunya, \u00e9ste solicit\u00f3 a la Comisi\u00f3n T\u00e9cnica de Organizaci\u00f3n del Trabajo del mismo, informe pericial sobre la controversia planteada.<\/p>\n<p style=\"text-align: justify;\">\n<p style=\"text-align: justify;\">III) La Comisi\u00f3n T\u00e9cnica de Organizaci\u00f3n del Trabajo del Tribunal Laboral de Catalunya se person\u00f3\u00a0 en las instalaciones de la Empresa los d\u00edas 9 y 31 de octubre y el d\u00eda 2 de noviembre de 2006,\u00a0 con el objeto de efectuar los correspondientes estudios de tiempos. El d\u00eda 9 de octubre de 2006 ambas representaciones conjuntamente con la Comisi\u00f3n T\u00e9cnica acordaron solicitar a la Delegaci\u00f3n de Barcelona, tal y como consta en documento remitido a esta Delegaci\u00f3n, un aplazamiento para la entrega del Informe T\u00e9cnico\u00a0 hasta el 24 de noviembre de 2006, adem\u00e1s de ajustar el estudio a 3 referencias, siendo las referencias a estudiar las que a continuaci\u00f3n se detallan:<\/p>\n<p style=\"text-align: justify;\">\n<p style=\"text-align: justify;\">\n<p style=\"text-align: justify;\">&#8211;\u00a0\u00a0\u00a0\u00a0\u00a0\u00a0\u00a0\u00a0\u00a0 Referencia\u00a0 01016<\/p>\n<p style=\"text-align: justify;\">&#8211;\u00a0\u00a0\u00a0\u00a0\u00a0\u00a0\u00a0\u00a0\u00a0 Cualquiera de las referencias 11401, 11402 \u00f3 21407 (croissants)<\/p>\n<p style=\"text-align: justify;\">&#8211;\u00a0\u00a0\u00a0\u00a0\u00a0\u00a0\u00a0\u00a0\u00a0 Cualquiera de las referencias 01416 \u00f3 01054 (ensaimada)<\/p>\n<p style=\"text-align: justify;\">\n<p style=\"text-align: justify;\">\n<p style=\"text-align: justify;\">Por todo cuanto antecede, se dicta el siguiente:<\/p>\n<p style=\"text-align: justify;\" align=\"center\">\n<p style=\"text-align: justify;\">\n<p style=\"text-align: justify;\" align=\"center\">LAUDO<\/p>\n<p style=\"text-align: justify;\" align=\"center\">\n<p style=\"text-align: justify;\">La actividad a producci\u00f3n normal, as\u00ed como las pausas de descanso en base a los coeficientes de fatiga y necesidades personales de las referencias estudiadas son las que se detallan a continuaci\u00f3n:<\/p>\n<p style=\"text-align: justify;\">\n<p style=\"text-align: justify;\">\n<div style=\"text-align: justify;\" align=\"center\">\n<table width=\"593\" border=\"1\" cellspacing=\"0\" cellpadding=\"0\">\n<tbody>\n<tr>\n<td colspan=\"2\" valign=\"bottom\" width=\"245\">\n<p align=\"center\">PRODUCTO<\/p>\n<\/td>\n<td rowspan=\"2\" width=\"104\">\n<p align=\"center\">TIEMPO UNITARIO (Segundos)<\/p>\n<\/td>\n<td rowspan=\"2\" valign=\"bottom\" width=\"120\">\n<p align=\"center\">PRODUCCI\u00d3N NORMAL POR PERSONA Y HORA<\/p>\n<\/td>\n<td rowspan=\"2\" valign=\"bottom\" width=\"124\">\n<p align=\"center\">PRODUCCI\u00d3N NORMAL POR PERSONA Y JORNADA<\/p>\n<\/td>\n<\/tr>\n<tr>\n<td width=\"104\">\n<h5>REFERENCIA<\/h5>\n<\/td>\n<td width=\"141\">\n<h5>DESCRIPCI\u00d3N<\/h5>\n<\/td>\n<\/tr>\n<tr>\n<td width=\"104\">\n<p align=\"center\">01016<\/p>\n<\/td>\n<td width=\"141\">\n<p align=\"center\">Artesanito<\/p>\n<\/td>\n<td width=\"104\">\n<p align=\"center\">5,31<\/p>\n<\/td>\n<td width=\"120\">\n<p align=\"center\">677,97<\/p>\n<\/td>\n<td width=\"124\">\n<p align=\"center\">5141,24<\/p>\n<\/td>\n<\/tr>\n<tr>\n<td width=\"104\">\n<p align=\"center\">21407<\/p>\n<\/td>\n<td width=\"141\">\n<p align=\"center\">Super Croissant<\/p>\n<\/td>\n<td width=\"104\">\n<p align=\"center\">6,40<\/p>\n<\/td>\n<td width=\"120\">\n<p align=\"center\">562,75<\/p>\n<\/td>\n<td width=\"124\">\n<p align=\"center\">4267,49<\/p>\n<\/td>\n<\/tr>\n<tr>\n<td width=\"104\">\n<p align=\"center\">01416<\/p>\n<\/td>\n<td width=\"141\">\n<p align=\"center\">Ensaimada fermentada<\/p>\n<\/td>\n<td width=\"104\">\n<p align=\"center\">4,52<\/p>\n<\/td>\n<td width=\"120\">\n<p align=\"center\">796,21<\/p>\n<\/td>\n<td width=\"124\">\n<p align=\"center\">6037,95<\/p>\n<\/td>\n<\/tr>\n<\/tbody>\n<\/table>\n<\/div>\n<p style=\"text-align: justify;\">\n<p style=\"text-align: justify;\">Nota: Tiempo unitario es el tiempo necesario para elaborar manualmente (independientemente de la velocidad de la l\u00ednea y de la distribuci\u00f3n de plantilla de la misma) una unidad de producto.<\/p>\n<p style=\"text-align: justify;\">\n<p style=\"text-align: justify;\">\u00a0R\u00e9gimen de pausas de descanso:<\/p>\n<p style=\"text-align: justify;\">\n<p style=\"text-align: justify;\">Adem\u00e1s de los 25 minutos concedidos por la Empresa para el desayuno, las l\u00edneas deben disponer, como ya tienen, de 2 relevistas o comodines, que cubrir\u00e1n las pausas solicitadas por cualquier trabajador\/a, hasta un l\u00edmite de 30 minutos por jornada y persona.<\/p>\n<p style=\"text-align: justify;\">\n<p style=\"text-align: justify;\">\n<p style=\"text-align: justify;\">El Laudo \u00fanicamente podr\u00e1 recurrirse ante los tribunales competentes por cuestiones relacionadas con el procedimiento (falta de citaci\u00f3n o de audiencia), aspectos formales de la resoluci\u00f3n arbitral (incongruencia) o vulneraci\u00f3n de los derechos fundamentales o del principio de norma m\u00ednima.<\/p>\n<p style=\"text-align: justify;\">\n<p style=\"text-align: justify;\">En el plazo de siete d\u00edas h\u00e1biles a contar desde la notificaci\u00f3n del laudo, cualquiera de las partes podr\u00e1 solicitar del \u00e1rbitro o\u00a0 \u00e1rbitros, la aclaraci\u00f3n de alguno de los puntos de aqu\u00e9l, que tendr\u00e1 que facilitarse en el plazo m\u00e1ximo de 10 d\u00edas h\u00e1biles.<\/p>\n<p style=\"text-align: justify;\">\n<p style=\"text-align: justify;\">El tr\u00e1mite de aclaraci\u00f3n faculta a cualquiera de las partes a solicitar del \u00e1rbitro o \u00e1rbitros, \u00fanica y exclusivamente, la adecuada matizaci\u00f3n o esclarecimiento de alguno de los puntos contenidos en el laudo, sin que, en ning\u00fan caso, tal facultad pueda ser utilizada para rebatir los posicionamientos reflejados en la resoluci\u00f3n arbitral.<\/p>\n<p style=\"text-align: justify;\">\n<table width=\"610\" border=\"0\" cellspacing=\"0\" cellpadding=\"0\">\n<tbody>\n<tr>\n<td valign=\"top\" width=\"298\">&nbsp;<\/td>\n<td valign=\"top\" width=\"312\">&nbsp;<\/p>\n<p>&nbsp;<\/p>\n<p>&nbsp;<\/p>\n<p>&nbsp;<\/p>\n<p>&nbsp;<\/td>\n<\/tr>\n<tr>\n<td width=\"298\">\n<p align=\"center\">Antonio Mart\u00ednez del Hoyo<\/p>\n<\/td>\n<td width=\"312\">\n<p align=\"center\">Rafael Mart\u00ednez Romero<\/p>\n<\/td>\n<\/tr>\n<tr>\n<td valign=\"top\" width=\"298\">&nbsp;<\/td>\n<td valign=\"top\" width=\"312\">&nbsp;<\/td>\n<\/tr>\n<tr>\n<td width=\"298\">\n<p align=\"center\">Miquel Porret Gelabert<\/p>\n<\/td>\n<td width=\"312\">\n<p align=\"center\">Vanessa L\u00f3pez Pocostales<\/p>\n<\/td>\n<\/tr>\n<tr>\n<td valign=\"top\" width=\"298\">&nbsp;<\/td>\n<td width=\"312\">&nbsp;<\/td>\n<\/tr>\n<tr>\n<td width=\"298\">\n<p align=\"center\">Jos\u00e9 Luis Arrabal Alba<\/p>\n<\/td>\n<td width=\"312\">&nbsp;<\/td>\n<\/tr>\n<\/tbody>\n<\/table>\n<p style=\"text-align: justify;\">\n","protected":false},"excerpt":{"rendered":"<p>\u00a0LAUDO ARBITRAL DICTADO\u00a0 POR LA DELEGACI\u00d3N DE BARCELONA DEL TRIBUNAL LABORAL DE CATALUNYA, COMPUESTA POR LOS SIGUIENTES MIEMBROS: DON ANTONIO MART\u00cdNEZ DEL HOYO CLEMENTE, PRESIDENTE; DON RAFAEL MART\u00cdNEZ ROMERO, DON MIQUEL PORRET GELABERT, DO\u00d1A VANESA L\u00d3PEZ POCOSTALES Y DON JOS\u00c9 LUIS ARRABAL ALBA, VOCALES EN EL EXPEDIENTE PAB 510\/2006 \u2013 A. B., S.L.-, EL D\u00cdA&hellip;<\/p>\n","protected":false},"author":2,"featured_media":0,"comment_status":"closed","ping_status":"closed","sticky":false,"template":"","format":"standard","meta":{"footnotes":""},"categories":[556,650,679],"tags":[],"class_list":["post-10146","post","type-post","status-publish","format-standard","hentry","category-2006-es","category-metodos-y-tiempos","category-produccion-a-actividad-normal","category-556","category-650","category-679","description-off"],"_links":{"self":[{"href":"https:\/\/www.tribulab.cat\/es\/wp-json\/wp\/v2\/posts\/10146","targetHints":{"allow":["GET"]}}],"collection":[{"href":"https:\/\/www.tribulab.cat\/es\/wp-json\/wp\/v2\/posts"}],"about":[{"href":"https:\/\/www.tribulab.cat\/es\/wp-json\/wp\/v2\/types\/post"}],"author":[{"embeddable":true,"href":"https:\/\/www.tribulab.cat\/es\/wp-json\/wp\/v2\/users\/2"}],"replies":[{"embeddable":true,"href":"https:\/\/www.tribulab.cat\/es\/wp-json\/wp\/v2\/comments?post=10146"}],"version-history":[{"count":0,"href":"https:\/\/www.tribulab.cat\/es\/wp-json\/wp\/v2\/posts\/10146\/revisions"}],"wp:attachment":[{"href":"https:\/\/www.tribulab.cat\/es\/wp-json\/wp\/v2\/media?parent=10146"}],"wp:term":[{"taxonomy":"category","embeddable":true,"href":"https:\/\/www.tribulab.cat\/es\/wp-json\/wp\/v2\/categories?post=10146"},{"taxonomy":"post_tag","embeddable":true,"href":"https:\/\/www.tribulab.cat\/es\/wp-json\/wp\/v2\/tags?post=10146"}],"curies":[{"name":"wp","href":"https:\/\/api.w.org\/{rel}","templated":true}]}}