{"id":10060,"date":"2012-03-08T17:30:19","date_gmt":"2012-03-08T16:30:19","guid":{"rendered":"https:\/\/sserver1.local\/pab-102-10\/"},"modified":"2024-01-10T07:56:29","modified_gmt":"2024-01-10T06:56:29","slug":"pab-102-10","status":"publish","type":"post","link":"https:\/\/www.tribulab.cat\/es\/pab-102-10\/","title":{"rendered":"PAB 102\/10"},"content":{"rendered":"<p style=\"text-align: justify;\" align=\"center\">\u00a0LAUDE ARBITRAL<\/p>\n<p style=\"text-align: justify;\" align=\"center\">\n<p style=\"text-align: justify;\">DICTAT PER LA DELEGACI\u00d3 DE BARCELONA DEL TRIBUNAL LABORAL DE CATALUNYA, COMPOSADA PER ELS SEG\u00dcENTS MEMBRES: SR. TONI OLLER CASTELL\u00d3, PRESIDENT; SR. JUAN JOS\u00c9 MECA SAAVEDRA, SR. ANTONI ALC\u00d3N DE DIEGO I SR. FRANCESC N\u00c9CIGA RUBIO, VOCALS EN L\u2019EXPEDIENT PAB 102\/2010 \u2013 ART -, EL DIA 31 DE MAR\u00c7 DE 2010.<\/p>\n<p style=\"text-align: justify;\">\n<p style=\"text-align: justify;\" align=\"center\">ANTECEDENTS DE FET<\/p>\n<p style=\"text-align: justify;\">\n<p style=\"text-align: justify;\">PRIMER:.- El dia 3 de febrer de 2010, les Delegades de Personal (CCOO) de ART, varen presentar Escrit Introductori al Tr\u00e0mit de Conciliaci\u00f3, que va ser registrat amb el n\u00famero PCB 78\/2010.<\/p>\n<p style=\"text-align: justify;\">\n<p style=\"text-align: justify;\">SEGON:.- El tema objecte de la Conciliaci\u00f3, tal i com es concreta en el propi Escrit Introductori al Tr\u00e0mit de Conciliaci\u00f3, consta reprodu\u00eft i adjuntat, com a document n\u00famero 1, en l\u2019Acta aixecada en data 10 de febrer de 2010 davant del Tribunal Laboral de Catalunya.<\/p>\n<p style=\"text-align: justify;\">\n<p style=\"text-align: justify;\">TERCER:.- Degudament citades les parts, la Conciliaci\u00f3 del Tribunal Laboral de Catalunya es va dur a terme el dia 10 de febrer de 2010, donant-se per finalitzat amb el resultat d\u2019ACORD, en els seg\u00fcents termes:<\/p>\n<p style=\"text-align: justify;\">\n<p style=\"text-align: justify;\">1er.-Ambdues parts es sotmeten expressament al tr\u00e0mit d\u2019arbitratge previst en els articles 17 i 18 del Reglament de Funcionament del Tribunal Laboral de Catalunya, i\u00a0 nomenen per unanimitat a la pr\u00f2pia Delegaci\u00f3 de Barcelona del Tribunal Laboral de Catalunya que ha conegut del procediment de Conciliaci\u00f3.<\/p>\n<p style=\"text-align: justify;\">\n<p style=\"text-align: justify;\">a)La q\u00fcesti\u00f3 a dirimir que \u00e9s objecte de l\u2019arbitratge al que es sotmeten ambdues representacions es concreta en el seg\u00fcent:<\/p>\n<p style=\"text-align: justify;\">\n<p style=\"text-align: justify;\">Determinar la c\u00e0rrega de treball i l\u2019\u00edndex de saturaci\u00f3 del torn de nit, en funci\u00f3 de les modificacions implantades recentment per la Direcci\u00f3 de l\u2019Empresa.<\/p>\n<p style=\"text-align: justify;\">\n<p style=\"text-align: justify;\">b)L\u2019arbitratge al que es sotmeten ambdues representacions t\u00e9 qualitat de arbitratge de dret.<\/p>\n<p style=\"text-align: justify;\">\n<p style=\"text-align: justify;\">c)Amb la signatura de la present Acta de Conciliaci\u00f3 que reflexa l\u2019acord entre las parts, es d\u00f3na per formalitzat el Conveni Arbitral.<\/p>\n<p style=\"text-align: justify;\">\n<p style=\"text-align: justify;\">d)Amb el present acte de conciliaci\u00f3 o mediaci\u00f3 d\u00f3na compliment al tr\u00e0mit d\u2019Audi\u00e8ncia previst en el Reglament de Funcionament del Tribunal Laboral de Catalunya.<\/p>\n<p style=\"text-align: justify;\">\n<p style=\"text-align: justify;\">e)La Delegaci\u00f3 de Barcelona del Tribunal Laboral de Catalunya sol\u00b7licitar\u00e0, en funci\u00f3 de les compet\u00e8ncies assignades pel Reglament de Funcionament, informe pericial a la Comissi\u00f3 T\u00e8cnica d\u2019Organitzaci\u00f3 del Treball del propi Tribunal, que tindr\u00e0 la consideraci\u00f3 de document intern pe a us exclusiu dels membres de la pr\u00f2pia Delegaci\u00f3, no formant part, per tant del present expedient.<\/p>\n<p style=\"text-align: justify;\">\n<p style=\"text-align: justify;\">La Delegaci\u00f3 de Barcelona del Tribunal Laboral de Catalunya comunica ambdues representacions que els membres de la Comissi\u00f3 T\u00e8cnica d&#8217;Organitzaci\u00f3 del treball que confeccionaran l&#8217;esmentat informe seran els Srs. Albert Calvo Sim\u00f3n i Jos\u00e9 Juan Mar\u00edn S\u00e1nchez.<\/p>\n<p style=\"text-align: justify;\">\n<p style=\"text-align: justify;\">Ambdues parts disposen del termini de 24 hores a partir de la data d\u2019avui, per comunicar per escrit a aquest Tribunal l\u2019exist\u00e8ncia d\u2019alguna possible incompatibilitat, en el seu cas degudament fonamentada, dels t\u00e8cnics designats.<\/p>\n<p style=\"text-align: justify;\">\n<p style=\"text-align: justify;\">La intervenci\u00f3 dels t\u00e8cnics que composen l\u2019esmentada Comissi\u00f3 s\u2019ajustar\u00e0 als par\u00e0metres l\u00f2gics que han de configurar un informe pericial, sense que sigui factible, per tant, la realitzaci\u00f3 d\u2019estudis de medici\u00f3 que representin una utilitzaci\u00f3 de l\u2019esmentat servei en termes superiors als establerts, es per aix\u00f2, que \u00fanicament podran realitzar el seu dictamen\u00a0 t\u00e8cnic dins dels l\u00edmits pressupostaris establerts al respecte pel Patronat de la Fundaci\u00f3 Tribunal Laboral de Catalunya.<\/p>\n<p style=\"text-align: justify;\">\n<p style=\"text-align: justify;\">f)Ambdues representacions deixen const\u00e0ncia expressa de que el Laude Arbitral que es dicti com a conseq\u00fc\u00e8ncia de l\u2019arbitratge al que es sotmeten volunt\u00e0ria i expressament, tindr\u00e0 efectes vinculants d\u2019acord amb la legislaci\u00f3 vigent, comprometent-se a estar i passar por all\u00f2 que en ell s\u2019estableixi.<\/p>\n<p style=\"text-align: justify;\">\n<p style=\"text-align: justify;\">2on.- Un cop conegut el resultat de la resoluci\u00f3 arbitral, es procedir\u00e0 a l\u2019adequaci\u00f3 i actualitzaci\u00f3, en el cas que correspongui, del pla d\u2019avaluaci\u00f3 de riscos existent en l\u2019actualitat en la Companyia.<\/p>\n<p style=\"text-align: justify;\">\n<p style=\"text-align: justify;\" align=\"center\">FONAMENTS JUR\u00cdDICS<\/p>\n<p style=\"text-align: justify;\">\n<p style=\"text-align: justify;\">I) El Tribunal Laboral de Catalunya es competent per a con\u00e8ixer i resoldre el present procediment arbitral, en base a all\u00f2 previst en l\u2019Acord Interprofessional de Catalunya de 7 de novembre de 1990, en el Reglament de Funcionament del propi Tribunal i en virtut d\u2019all\u00f2 establert en els articles 63 i 153 de la vigent Llei de Procediment Laboral.<\/p>\n<p style=\"text-align: justify;\">\n<p style=\"text-align: justify;\">II) En virtut d\u2019all\u00f2 previst en el punt 8 de l\u2019article 18 del Reglament de Funcionament del Tribunal Laboral de Catalunya, aquest va sol\u00b7licitar a la Comissi\u00f3 T\u00e8cnica d\u2019Organitzaci\u00f3 del Treball del mateix, informe pericial sobre la controv\u00e8rsia plantejada.<\/p>\n<p style=\"text-align: justify;\">\n<p style=\"text-align: justify;\">III) Els membres de la Comissi\u00f3 T\u00e8cnica d\u2019Organitzaci\u00f3 del Treball del Tribunal Laboral de Catalunya van personar-se en els locals de l\u2019empresa, el dia 1 de mar\u00e7 de 2010, als efectes de concretar els aspectes en discussi\u00f3, recollir la informaci\u00f3 que ambdues parts varen acordar facilitar i realitzar el treball de camp previ als an\u00e0lisis que han de determinar els valors finals de l\u2019informe t\u00e8cnic sol\u00b7licitat pel Tribunal Laboral de Catalunya.<\/p>\n<p style=\"text-align: justify;\">\n<p style=\"text-align: justify;\">En l\u2019acta aixecada per ra\u00f3 de la compareixen\u00e7a del dia 1 de mar\u00e7 de 2010, ambdues parts varen acordar que es pospos\u00e9s la data m\u00e0xima de lliurament de l\u2019informe t\u00e8cnic sol\u00b7licitat\u00a0 fins el dia 26 de mar\u00e7 de 2010.<\/p>\n<p style=\"text-align: justify;\">\n<p style=\"text-align: justify;\">Per tot all\u00f2 exposat anteriorment, es dicta el seg\u00fcent:<\/p>\n<p style=\"text-align: justify;\" align=\"center\">LAUDE ARBITRAL<\/p>\n<p style=\"text-align: justify;\">\n<p style=\"text-align: justify;\">La c\u00e0rrega de treball i l\u2019\u00edndex de saturaci\u00f3 del torn de nit, en funci\u00f3 de les modificacions implantades recentment per la Direcci\u00f3 de l\u2019Empresa, es el que es detalla i concreta en el seg\u00fcent quadre:<\/p>\n<p style=\"text-align: justify;\">\n<table width=\"98%\" border=\"1\" cellspacing=\"0\" cellpadding=\"0\">\n<tbody>\n<tr>\n<td nowrap=\"nowrap\" width=\"56%\">\n<p align=\"center\">C\u00c0RREGA DE FEINA (HORES)<\/p>\n<\/td>\n<td nowrap=\"nowrap\" width=\"43%\">\n<p align=\"center\">SATURACI\u00d3<\/p>\n<\/td>\n<\/tr>\n<tr>\n<td nowrap=\"nowrap\" width=\"56%\">\n<p align=\"center\">9,38<\/p>\n<\/td>\n<td nowrap=\"nowrap\" width=\"43%\">\n<p align=\"center\">98,7%<\/p>\n<\/td>\n<\/tr>\n<\/tbody>\n<\/table>\n<p style=\"text-align: justify;\">\n<p style=\"text-align: justify;\">\n<p style=\"text-align: justify;\">\n<p style=\"text-align: justify;\">Detall:<\/p>\n<p style=\"text-align: justify;\">\n<div style=\"text-align: justify;\" align=\"center\">\n<table border=\"1\" cellspacing=\"0\" cellpadding=\"0\">\n<tbody>\n<tr>\n<td valign=\"top\" width=\"187\">\n<p align=\"center\">\n<p align=\"center\">TREBALLADOR<\/p>\n<\/td>\n<td valign=\"top\" width=\"235\">\n<p align=\"center\">\n<p align=\"center\">C\u00c0RREGA DE FEINA (HORES)<\/p>\n<p align=\"center\">\n<\/td>\n<td valign=\"top\" width=\"139\">\n<p align=\"center\">\n<p align=\"center\">SATURACI\u00d3<\/p>\n<\/td>\n<\/tr>\n<tr>\n<td valign=\"top\" width=\"187\">\n<p align=\"center\">A<\/p>\n<\/td>\n<td valign=\"top\" width=\"235\">\n<p align=\"center\">10,17<\/p>\n<\/td>\n<td valign=\"top\" width=\"139\">\n<p align=\"center\">107,0%<\/p>\n<\/td>\n<\/tr>\n<tr>\n<td valign=\"top\" width=\"187\">\n<p align=\"center\">B<\/p>\n<\/td>\n<td valign=\"top\" width=\"235\">\n<p align=\"center\">8,58<\/p>\n<\/td>\n<td valign=\"top\" width=\"139\">\n<p align=\"center\">90,3%<\/p>\n<\/td>\n<\/tr>\n<\/tbody>\n<\/table>\n<\/div>\n<p style=\"text-align: justify;\">\n<p style=\"text-align: justify;\">Notes:<\/p>\n<p style=\"text-align: justify;\">\n<ol style=\"text-align: justify;\">\n<li>El c\u00e0lcul de Saturacions ha estat basat en les dades seg\u00fcents:<\/li>\n<\/ol>\n<ul style=\"text-align: justify;\">\n<li>Hores de pres\u00e8ncia: 10,5<\/li>\n<li>Hores previstes per a sopar: 1,0<\/li>\n<li>Hores de treball efectiu: 9,5<\/li>\n<\/ul>\n<ol style=\"text-align: justify;\">\n<li>Aquests valors inclouen els coeficients de descans corresponents (Fatiga i necessitats personals).<\/li>\n<\/ol>\n<p style=\"text-align: justify;\">\n<p style=\"text-align: justify;\">El Laude \u00fanicament podr\u00e0 ser recorregut davant dels tribunals competents per q\u00fcestions relacionades amb el procediment (falta de citaci\u00f3 o d\u2019audi\u00e8ncia), aspectes formals de la resoluci\u00f3 arbitral (incongru\u00e8ncia) o vulneraci\u00f3 dels drets fonamentals o del principi de norma m\u00ednima.<\/p>\n<p style=\"text-align: justify;\">\n<p style=\"text-align: justify;\">En el termini de set dies h\u00e0bils a comptar des de la notificaci\u00f3 del laude, qualsevol de les parts podr\u00e0 sol\u00b7licitar de l\u2019\u00e0rbitre o\u00a0 \u00e0rbitres, l\u2019aclariment d\u2019algun dels punts del mateix, que tindr\u00e0 que ser facilitat en el termini m\u00e0xim de 10 dies h\u00e0bils.<\/p>\n<p style=\"text-align: justify;\">\n<p style=\"text-align: justify;\">El tr\u00e0mit d\u2019aclariment faculta a qualsevol de les parts a sol\u00b7licitar de l\u2019\u00e0rbitre o \u00e0rbitres, \u00fanica i exclusivament, l\u2019adequada matisaci\u00f3 o esclariment d\u2019algun dels punts continguts en el laude, sense que, en cap cas, aquesta facultat pugui ser utilitzada per a rebatre els posicionaments reflectits en la resoluci\u00f3 arbitral.<\/p>\n<p style=\"text-align: justify;\">\n<table width=\"565\" border=\"0\" cellspacing=\"0\" cellpadding=\"0\">\n<tbody>\n<tr>\n<td valign=\"top\" width=\"291\">&nbsp;<\/p>\n<p>&nbsp;<\/p>\n<p>&nbsp;<\/p>\n<p>&nbsp;<\/p>\n<p>&nbsp;<\/p>\n<p>&nbsp;<\/p>\n<p>&nbsp;<\/p>\n<p>&nbsp;<\/td>\n<td valign=\"top\" width=\"274\">&nbsp;<\/td>\n<\/tr>\n<tr>\n<td width=\"291\">\n<p align=\"center\">Toni Oller Castell\u00f3<\/p>\n<\/td>\n<td width=\"274\">\n<p align=\"center\">Juan Jos\u00e9 Meca Saavedra<\/p>\n<\/td>\n<\/tr>\n<tr>\n<td width=\"291\">\n<p align=\"center\">\n<p align=\"center\">\n<p align=\"center\">\n<p align=\"center\">\n<p align=\"center\">\n<p align=\"center\">\n<p align=\"center\">\n<\/td>\n<td width=\"274\">\n<p align=\"center\">\n<\/td>\n<\/tr>\n<tr>\n<td width=\"291\">\n<p align=\"center\">Antonio Alc\u00f3n de Diego<\/p>\n<\/td>\n<td width=\"274\">\n<p align=\"center\">Francesc N\u00e9ciga Rubio<\/p>\n<\/td>\n<\/tr>\n<\/tbody>\n<\/table>\n<p style=\"text-align: justify;\">\n","protected":false},"excerpt":{"rendered":"<p>\u00a0LAUDE ARBITRAL DICTAT PER LA DELEGACI\u00d3 DE BARCELONA DEL TRIBUNAL LABORAL DE CATALUNYA, COMPOSADA PER ELS SEG\u00dcENTS MEMBRES: SR. TONI OLLER CASTELL\u00d3, PRESIDENT; SR. JUAN JOS\u00c9 MECA SAAVEDRA, SR. ANTONI ALC\u00d3N DE DIEGO I SR. FRANCESC N\u00c9CIGA RUBIO, VOCALS EN L\u2019EXPEDIENT PAB 102\/2010 \u2013 ART -, EL DIA 31 DE MAR\u00c7 DE 2010. ANTECEDENTS DE&hellip;<\/p>\n","protected":false},"author":2,"featured_media":0,"comment_status":"closed","ping_status":"closed","sticky":false,"template":"","format":"standard","meta":{"footnotes":""},"categories":[560,594,620,650],"tags":[],"class_list":["post-10060","post","type-post","status-publish","format-standard","hentry","category-2010-es","category-carga-de-trabajo","category-indice-de-saturacion","category-metodos-y-tiempos","category-560","category-594","category-620","category-650","description-off"],"_links":{"self":[{"href":"https:\/\/www.tribulab.cat\/es\/wp-json\/wp\/v2\/posts\/10060","targetHints":{"allow":["GET"]}}],"collection":[{"href":"https:\/\/www.tribulab.cat\/es\/wp-json\/wp\/v2\/posts"}],"about":[{"href":"https:\/\/www.tribulab.cat\/es\/wp-json\/wp\/v2\/types\/post"}],"author":[{"embeddable":true,"href":"https:\/\/www.tribulab.cat\/es\/wp-json\/wp\/v2\/users\/2"}],"replies":[{"embeddable":true,"href":"https:\/\/www.tribulab.cat\/es\/wp-json\/wp\/v2\/comments?post=10060"}],"version-history":[{"count":0,"href":"https:\/\/www.tribulab.cat\/es\/wp-json\/wp\/v2\/posts\/10060\/revisions"}],"wp:attachment":[{"href":"https:\/\/www.tribulab.cat\/es\/wp-json\/wp\/v2\/media?parent=10060"}],"wp:term":[{"taxonomy":"category","embeddable":true,"href":"https:\/\/www.tribulab.cat\/es\/wp-json\/wp\/v2\/categories?post=10060"},{"taxonomy":"post_tag","embeddable":true,"href":"https:\/\/www.tribulab.cat\/es\/wp-json\/wp\/v2\/tags?post=10060"}],"curies":[{"name":"wp","href":"https:\/\/api.w.org\/{rel}","templated":true}]}}