{"id":10056,"date":"2012-03-08T17:20:43","date_gmt":"2012-03-08T16:20:43","guid":{"rendered":"https:\/\/sserver1.local\/pab-344-10\/"},"modified":"2024-01-10T07:56:30","modified_gmt":"2024-01-10T06:56:30","slug":"pab-344-10","status":"publish","type":"post","link":"https:\/\/www.tribulab.cat\/es\/pab-344-10\/","title":{"rendered":"PAB 344\/10"},"content":{"rendered":"<p style=\"text-align: justify;\" align=\"center\">\u00a0LAUDO ARBITRAL<\/p>\n<p style=\"text-align: justify;\">\n<p style=\"text-align: justify;\">DICTADO POR LA DELEGACI\u00d3N DE BARCELONA DEL TRIBUNAL LABORAL DE CATALUNYA, COMPUESTA POR LOS SIGUIENTES MIEMBROS: SR. RAFAEL MART\u00cdNEZ ROMERO, PRESIDENTE Y SRA. CARME SIMARRO I L\u00d3PEZ; SR. RAM\u00d3N M. DE LA MORA Y DE PLANELL Y SR. ANTONIO MART\u00cdNEZ DEL HOYO, VOCALES EN EL EXPEDIENTE ARBITRAL PAB 344\/2010 \u2013ASA , EL D\u00cdA 1 DE JULIO DE 2010.<\/p>\n<p style=\"text-align: justify;\">\n<p style=\"text-align: justify;\" align=\"center\">ANTECEDENTES DE HECHO<\/p>\n<p style=\"text-align: justify;\">\n<p style=\"text-align: justify;\">\n<p style=\"text-align: justify;\">PRIMERO.- El d\u00eda 11 de febrero de 2010, el Comit\u00e9 de Empresa de ASA, present\u00f3 Escrito Introductorio al tr\u00e1mite de Conciliaci\u00f3n ante este Tribunal Laboral de Catalunya, que fue registrado con el n\u00famero PCB 109\/2010.<\/p>\n<p style=\"text-align: justify;\">\n<p style=\"text-align: justify;\">SEGUNDO.- El tema sometido a conciliaci\u00f3n, seg\u00fan consta en el escrito introductorio, es el siguiente:<\/p>\n<p style=\"text-align: justify;\">\n<p style=\"text-align: justify;\">1.- Origen y desarrollo:<\/p>\n<p style=\"text-align: justify;\">\n<p style=\"text-align: justify;\">El incumplimiento del art\u00edculo n\u00ba 9 (sistema de organizaci\u00f3n del trabajo), del vigente convenio colectivo.<\/p>\n<p style=\"text-align: justify;\">\n<p style=\"text-align: justify;\">Los trabajadores de la secci\u00f3n de transformaciones que se dedican a la transformaci\u00f3n de motores, desde siempre han sido personal indirecto por las funciones que desempe\u00f1an. Desde hace tres meses, la empresa unilateralmente y sin previo aviso a los trabajadores de dicha secci\u00f3n y al comit\u00e9 de empresa los ha convertido a personal directo.<\/p>\n<p style=\"text-align: justify;\">\n<p style=\"text-align: justify;\">La Comisi\u00f3n Mixta Paritaria de Arbitraje, reunida con la Direcci\u00f3n de la empresa, a petici\u00f3n del Comit\u00e9 de empresa, denuncia que los trabajadores de esta secci\u00f3n no tienen los medios necesarios para que puedan alcanzar al menos el rendimiento normal o m\u00ednimo ya que carecen de las instrucciones de trabajo a realizar, ordenes de trabajo (boletines).<\/p>\n<p style=\"text-align: justify;\">\n<p style=\"text-align: justify;\">La empresa ha asignado unos valores (tiempos) a algunas tareas, ya que otras no disponen todav\u00eda de valor. La empresa ha cronometrado en base al sistema actual de primas (Sistema Bedaux) sin m\u00e9todo de trabajo ya que alega que algunas tareas ya se realizan en otra secci\u00f3n.<\/p>\n<p style=\"text-align: justify;\">\n<p style=\"text-align: justify;\">2.- Objeto y pretensi\u00f3n:<\/p>\n<p style=\"text-align: justify;\">\n<p style=\"text-align: justify;\">Solicitamos de este organismo, la mediaci\u00f3n sobre la organizaci\u00f3n del trabajo y mediciones de los trabajos a realizar.<\/p>\n<p style=\"text-align: justify;\">\n<p style=\"text-align: justify;\">TERCERO.- Debidamente citadas las partes, la Conciliaci\u00f3n del Tribunal Laboral de Catalunya se llev\u00f3 a cabo durante los d\u00edas 23 de febrero, 15 de marzo y 26 de abril de 2010, d\u00e1ndose por finalizada con el resultado de ACUERDO, en los siguientes t\u00e9rminos:<\/p>\n<p style=\"text-align: justify;\">\n<p style=\"text-align: justify;\">1.-Ambas partes se someten expresamente al tr\u00e1mite de arbitraje previsto en los art\u00edculos 17 y 18 del Reglamento de Funcionamiento del Tribunal Laboral de Catalunya, y a tales efectos nombran por unanimidad a la propia Delegaci\u00f3n de Barcelona del Tribunal Laboral de Catalunya que ha conocido del procedimiento de Conciliaci\u00f3n.<\/p>\n<p style=\"text-align: justify;\">\n<p style=\"text-align: justify;\">2.-La cuesti\u00f3n a dirimir que es objeto del arbitraje al que se someten ambas representaciones se concreta en lo siguiente:<\/p>\n<p style=\"text-align: justify;\">\n<p style=\"text-align: justify;\">Determinar la producci\u00f3n a actividad normal (60 Bedaux) de las siguientes referencias:<\/p>\n<p style=\"text-align: justify;\">\n<p style=\"text-align: justify;\">1.-Proteci\u00f3n IP56. (c\u00f3digo 403).<\/p>\n<p style=\"text-align: justify;\">\n<p style=\"text-align: justify;\">2.-Versi\u00f3n DIP (c\u00f3digo 452).<\/p>\n<p style=\"text-align: justify;\">\n<p style=\"text-align: justify;\">3.-Cambio de placa (c\u00f3digo 002).<\/p>\n<p style=\"text-align: justify;\">\n<p style=\"text-align: justify;\">4.-B3 convertir a B35 o B34. (c\u00f3digo 009).<\/p>\n<p style=\"text-align: justify;\">\n<p style=\"text-align: justify;\">5.-Doble protector (c\u00f3digo 005).<\/p>\n<p style=\"text-align: justify;\">\n<p style=\"text-align: justify;\">6.-Colocar 3 termistores en serie. (c\u00f3digo 436).<\/p>\n<p style=\"text-align: justify;\">\n<p style=\"text-align: justify;\">7.-Prensa-estopas, placas met\u00e1licas, ventilador y protector. (c\u00f3digo 049).<\/p>\n<p style=\"text-align: justify;\">\n<p style=\"text-align: justify;\">8.-Cambio de escudo a portabridas (c\u00f3digo 200).<\/p>\n<p style=\"text-align: justify;\">\n<p style=\"text-align: justify;\">3.-El arbitraje al que se someten ambas representaciones tiene calidad de arbitraje de derecho.<\/p>\n<p style=\"text-align: justify;\">\n<p style=\"text-align: justify;\">4.-Con la firma de la presente Acta de Conciliaci\u00f3n que refleja el acuerdo entre las partes, se da por formalizado el Convenio Arbitral.<\/p>\n<p style=\"text-align: justify;\">\n<p style=\"text-align: justify;\">5.- Con el presente acto de conciliaci\u00f3n se da cumplimiento al tr\u00e1mite de Audiencia previsto en el Reglamento de Funcionamiento del Tribunal Laboral de Catalunya.<\/p>\n<p style=\"text-align: justify;\">\n<p style=\"text-align: justify;\">6.- La Delegaci\u00f3n de Barcelona del Tribunal Laboral de Catalunya solicitar\u00e1, en funci\u00f3n de las competencias asignadas por el Reglamento de Funcionamiento, informe pericial a la Comisi\u00f3n T\u00e9cnica de Organizaci\u00f3n del Trabajo del propio Tribunal, que tendr\u00e1 la consideraci\u00f3n de documento interno para uso exclusivo de los miembros de la propia Delegaci\u00f3n, no formando parte, por tanto del presente expediente.<\/p>\n<p style=\"text-align: justify;\">\n<p style=\"text-align: justify;\">La Delegaci\u00f3n de Barcelona del Tribunal Laboral de Catalunya recuerda a ambas representaciones que los miembros de la Comisi\u00f3n T\u00e9cnica de Organizaci\u00f3n del Trabajo designados para la confecci\u00f3n del citado informe ser\u00e1n los Srs. Antonio Marcos Parra y Jos\u00e9 Juan Mar\u00edn S\u00e1nchez.<\/p>\n<p style=\"text-align: justify;\">\n<p style=\"text-align: justify;\">La intervenci\u00f3n de los t\u00e9cnicos que componen la mencionada Comisi\u00f3n se ajustar\u00e1 a los par\u00e1metros presupuestarios que constan desglosados y cuantificados en el documento adjunto, matiz\u00e1ndose y concret\u00e1ndose respecto de los mismos que la cantidad final que excede de los l\u00edmites presupuestarios establecidos por el Patronato de la Fundaci\u00f3n Tribunal Laboral de Catalunya, y que va a ser asumida por la propia Direcci\u00f3n de la Empresa, seg\u00fan manifestaci\u00f3n expresa efectuada por su representante en el presente acto, asciende a un total de 5.096,96 euros.<\/p>\n<p style=\"text-align: justify;\">\n<p style=\"text-align: justify;\">7.- Ambas representaciones dejan constancia expresa de que el Laudo Arbitral que se dicte como consecuencia del arbitraje al que se someten voluntaria y expresamente, tendr\u00e1 efectos vinculantes de acuerdo con la legislaci\u00f3n vigente, comprometi\u00e9ndose a estar y pasar por lo que en \u00e9l se establezca.<\/p>\n<h1 style=\"text-align: justify;\" align=\"center\"><\/h1>\n<p style=\"text-align: justify;\" align=\"center\">FUNDAMENTOS DE DERECHO<\/p>\n<p style=\"text-align: justify;\">\n<p style=\"text-align: justify;\">I) El Tribunal Laboral de Catalunya es competente para conocer y resolver el presente procedimiento arbitral, a tenor de lo previsto en el Acuerdo Interprofesional de Catalunya de 7 de noviembre de 1990, en el Reglamento de Funcionamiento del propio Tribunal y al amparo de lo establecido en los art\u00edculos 63 y 153 de la vigente Ley de Procedimiento Laboral.<\/p>\n<p style=\"text-align: justify;\">\n<p style=\"text-align: justify;\">II) A tenor de lo previsto en el punto 8\u00ba del art\u00edculo 18 del Reglamento de Funcionamiento del Tribunal Laboral de Catalunya, \u00e9ste solicit\u00f3 a la Comisi\u00f3n T\u00e9cnica de Organizaci\u00f3n del Trabajo del mismo, informe pericial sobre la controversia planteada.<\/p>\n<p style=\"text-align: justify;\">\n<p style=\"text-align: justify;\">III) Los miembros de la Comisi\u00f3n T\u00e9cnica de Organizaci\u00f3n del Trabajo del Tribunal Laboral de Catalunya se personaron en la empresa el d\u00eda 12 de abril de 2010, a los efectos de concretar los aspectos en discusi\u00f3n respecto de la solicitud planteada, observar las tareas que se realizan y recoger la informaci\u00f3n facilitada por ambas partes. Los d\u00edas 5, 6, 20 y 25\u00a0 de mayo se procedi\u00f3 a la recogida de los datos respecto de los c\u00f3digos descritos.<\/p>\n<p style=\"text-align: justify;\">\n<p style=\"text-align: justify;\">Por todo cuanto antecede, se dicta el siguiente:<\/p>\n<p style=\"text-align: justify;\">\n<p style=\"text-align: justify;\" align=\"center\">LAUDO<\/p>\n<p style=\"text-align: justify;\">\n<p style=\"text-align: justify;\">La producci\u00f3n a actividad normal (60 Bedaux), de las referencias seleccionadas, son las que se detallan y concretan seguidamente:<\/p>\n<p style=\"text-align: justify;\">\n<p style=\"text-align: justify;\">C\u00f3digo 002: Que corresponde a las tareas de: Desembalar motor, cambiar placa y embalar motor.<\/p>\n<p style=\"text-align: justify;\">\n<table width=\"501\" border=\"1\" cellspacing=\"0\" cellpadding=\"0\">\n<tbody>\n<tr>\n<td width=\"227\">\n<p align=\"center\">MOTOR<\/p>\n<\/td>\n<td width=\"66\">\n<p align=\"center\">71<\/p>\n<\/td>\n<td width=\"63\">\n<p align=\"center\">80<\/p>\n<\/td>\n<td width=\"79\">\n<p align=\"center\">112<\/p>\n<\/td>\n<td width=\"66\">\n<p align=\"center\">132<\/p>\n<\/td>\n<\/tr>\n<tr>\n<td width=\"227\">\n<p align=\"center\">Tiempo (minutos)<\/p>\n<\/td>\n<td width=\"66\">\n<p align=\"center\">5,85<\/p>\n<\/td>\n<td width=\"63\">\n<p align=\"center\">5,85<\/p>\n<\/td>\n<td width=\"79\">\n<p align=\"center\">8,83<\/p>\n<\/td>\n<td width=\"66\">\n<p align=\"center\">7,92<\/p>\n<\/td>\n<\/tr>\n<\/tbody>\n<\/table>\n<p style=\"text-align: justify;\">\n<p style=\"text-align: justify;\">\n<p style=\"text-align: justify;\">C\u00f3digo 005: Que corresponde a las tareas de: Desembalar motor, cambiar el protector del ventilador, poner o no distanciales y embalar motor.<\/p>\n<p style=\"text-align: justify;\">\n<table width=\"501\" border=\"1\" cellspacing=\"0\" cellpadding=\"0\">\n<tbody>\n<tr>\n<td width=\"180\">\n<p align=\"center\">MOTOR<\/p>\n<\/td>\n<td width=\"66\">\n<p align=\"center\">80<\/p>\n<\/td>\n<td width=\"66\">\n<p align=\"center\">112<\/p>\n<\/td>\n<td width=\"85\">\n<p align=\"center\">132<\/p>\n<\/td>\n<td width=\"104\">\n<p align=\"center\">180<\/p>\n<\/td>\n<\/tr>\n<tr>\n<td width=\"180\">\n<p align=\"center\">Tiempo (minutos)<\/p>\n<\/td>\n<td width=\"66\">\n<p align=\"center\">6,45<\/p>\n<\/td>\n<td width=\"66\">\n<p align=\"center\">7,51<\/p>\n<\/td>\n<td width=\"85\">\n<p align=\"center\">8,65<\/p>\n<\/td>\n<td width=\"104\">\n<p align=\"center\">14,62<\/p>\n<\/td>\n<\/tr>\n<\/tbody>\n<\/table>\n<p style=\"text-align: justify;\">\n<p style=\"text-align: justify;\">C\u00f3digo 009: Que corresponde a las tareas de: Desembalar motor, cambiar la brida delantera, cambiar el tap\u00f3n de drenaje, hacer la prueba de esfuerzo diel\u00e9ctrico, llevar caja nueva de embalaje desde el almac\u00e9n y embalar motor.<\/p>\n<p style=\"text-align: justify;\">\n<table width=\"501\" border=\"1\" cellspacing=\"0\" cellpadding=\"0\">\n<tbody>\n<tr>\n<td width=\"180\">\n<p align=\"center\">MOTOR<\/p>\n<\/td>\n<td width=\"66\">\n<p align=\"center\">63<\/p>\n<\/td>\n<td width=\"66\">\n<p align=\"center\">80<\/p>\n<\/td>\n<td width=\"85\">\n<p align=\"center\">112<\/p>\n<\/td>\n<td width=\"104\">\n<p align=\"center\">160<\/p>\n<\/td>\n<\/tr>\n<tr>\n<td width=\"180\">\n<p align=\"center\">Tiempo (minutos)<\/p>\n<\/td>\n<td width=\"66\">\n<p align=\"center\">14,37<\/p>\n<\/td>\n<td width=\"66\">\n<p align=\"center\">15,36<\/p>\n<\/td>\n<td width=\"85\">\n<p align=\"center\">18,73<\/p>\n<\/td>\n<td width=\"104\">\n<p align=\"center\">18,73<\/p>\n<\/td>\n<\/tr>\n<\/tbody>\n<\/table>\n<p style=\"text-align: justify;\">\n<p style=\"text-align: justify;\">\n<p style=\"text-align: justify;\">C\u00f3digo 049: Que corresponde a las tareas de: Desembalar motor, Abrir tapa caja terminales, modificar, cambiar ventilador, poner prensa-estopas y embalar motor.<\/p>\n<p style=\"text-align: justify;\">\n<table width=\"501\" border=\"1\" cellspacing=\"0\" cellpadding=\"0\">\n<tbody>\n<tr>\n<td width=\"180\">\n<p align=\"center\">MOTOR<\/p>\n<\/td>\n<td width=\"132\">\n<p align=\"center\">80<\/p>\n<\/td>\n<td width=\"189\">\n<p align=\"center\">132<\/p>\n<\/td>\n<\/tr>\n<tr>\n<td width=\"180\">\n<p align=\"center\">Tiempo (minutos)<\/p>\n<\/td>\n<td width=\"132\">\n<p align=\"center\">8,04<\/p>\n<\/td>\n<td width=\"189\">\n<p align=\"center\">9,91<\/p>\n<\/td>\n<\/tr>\n<\/tbody>\n<\/table>\n<p style=\"text-align: justify;\">\n<p style=\"text-align: justify;\">\n<p style=\"text-align: justify;\">C\u00f3digo 200: Que corresponde a las tareas de: Desembalar motor, cambiar el escudo delantero (Al\/Fe), cambiar el tap\u00f3n de drenaje y embalar motor.<\/p>\n<p style=\"text-align: justify;\">\n<table width=\"501\" border=\"1\" cellspacing=\"0\" cellpadding=\"0\">\n<tbody>\n<tr>\n<td width=\"180\">\n<p align=\"center\">MOTOR<\/p>\n<\/td>\n<td width=\"132\">\n<p align=\"center\">90<\/p>\n<\/td>\n<td width=\"189\">\n<p align=\"center\">112<\/p>\n<\/td>\n<\/tr>\n<tr>\n<td width=\"180\">\n<p align=\"center\">Tiempo (minutos)<\/p>\n<\/td>\n<td width=\"132\">\n<p align=\"center\">10,08<\/p>\n<\/td>\n<td width=\"189\">\n<p align=\"center\">11,73<\/p>\n<\/td>\n<\/tr>\n<\/tbody>\n<\/table>\n<p style=\"text-align: justify;\">\n<p style=\"text-align: justify;\">\n<p style=\"text-align: justify;\">C\u00f3digo 403: Que corresponde a las tareas de: Desembalar motor, pintar, encolar el tap\u00f3n de drenaje, cambiar rodamientos, cambiar el ventilador, cambiar a inoxidables, hacer la prueba de esfuerzo diel\u00e9ctrico, cambiar placa, y embalar motor.<\/p>\n<p style=\"text-align: justify;\">\n<table width=\"501\" border=\"1\" cellspacing=\"0\" cellpadding=\"0\">\n<tbody>\n<tr>\n<td width=\"180\">\n<p align=\"center\">MOTOR<\/p>\n<\/td>\n<td width=\"132\">\n<p align=\"center\">90<\/p>\n<\/td>\n<td width=\"189\">\n<p align=\"center\">112<\/p>\n<\/td>\n<\/tr>\n<tr>\n<td width=\"180\">\n<p align=\"center\">Tiempo (minutos)<\/p>\n<\/td>\n<td width=\"132\">\n<p align=\"center\">46,01<\/p>\n<\/td>\n<td width=\"189\">\n<p align=\"center\">48,82<\/p>\n<\/td>\n<\/tr>\n<\/tbody>\n<\/table>\n<p style=\"text-align: justify;\">\n<p style=\"text-align: justify;\">\n<p style=\"text-align: justify;\">C\u00f3digo 436: Que corresponde a las tareas de: Desembalar motor, montar termistores, conexionar a terminales caja, encintar terminales a bobinas, barnizar, enganchar etiqueta adhesiva, hacer la prueba de esfuerzo diel\u00e9ctrico, cambiar placa, y embalar motor.<\/p>\n<p style=\"text-align: justify;\">\n<table width=\"501\" border=\"1\" cellspacing=\"0\" cellpadding=\"0\">\n<tbody>\n<tr>\n<td width=\"180\">\n<p align=\"center\">MOTOR<\/p>\n<\/td>\n<td width=\"132\">\n<p align=\"center\">80<\/p>\n<\/td>\n<td width=\"85\">\n<p align=\"center\">100<\/p>\n<\/td>\n<td width=\"104\">\n<p align=\"center\">132<\/p>\n<\/td>\n<\/tr>\n<tr>\n<td width=\"180\">\n<p align=\"center\">Tiempo (minutos)<\/p>\n<\/td>\n<td width=\"132\">\n<p align=\"center\">31,52<\/p>\n<\/td>\n<td width=\"85\">\n<p align=\"center\">33,50<\/p>\n<\/td>\n<td width=\"104\">\n<p align=\"center\">37,43<\/p>\n<\/td>\n<\/tr>\n<\/tbody>\n<\/table>\n<p style=\"text-align: justify;\">\n<p style=\"text-align: justify;\">\n<p style=\"text-align: justify;\">C\u00f3digo 452: Que corresponde a las tareas de: Desembalar motor, encolar tap\u00f3n de drenaje (2),\u00a0 reconexionado de los terminales de la caja de terminales, cambio de la TT al exterior, trepanar y colocar pasa-cables, cambiar el ventilador (poner juntas y\/o bridas de fijaci\u00f3n), poner etiqueta amarilla DIP, cambiar cat\u00e1logo, hacer Check-List, y embalar motor.<\/p>\n<p style=\"text-align: justify;\">\n<table width=\"501\" border=\"1\" cellspacing=\"0\" cellpadding=\"0\">\n<tbody>\n<tr>\n<td width=\"180\">\n<p align=\"center\">MOTOR<\/p>\n<\/td>\n<td width=\"132\">\n<p align=\"center\">80<\/p>\n<\/td>\n<td width=\"189\">\n<p align=\"center\">112<\/p>\n<\/td>\n<\/tr>\n<tr>\n<td width=\"180\">\n<p align=\"center\">Tiempo (minutos)<\/p>\n<\/td>\n<td width=\"132\">\n<p align=\"center\">24,96<\/p>\n<\/td>\n<td width=\"189\">\n<p align=\"center\">24,86<\/p>\n<\/td>\n<\/tr>\n<\/tbody>\n<\/table>\n<p style=\"text-align: justify;\">\n<p style=\"text-align: justify;\">Nota: a) Todos los tiempos establecidos incorporan el coeficiente de descanso adecuado. b) Se adjuntan al presente Laudo Arbitral las correspondientes hojas de descripci\u00f3n de m\u00e9todo y funciones de los puestos valorados.<\/p>\n<p style=\"text-align: justify;\">\n<p style=\"text-align: justify;\">El laudo \u00fanicamente podr\u00e1 recurrirse ante los Tribunales competentes por cuestiones relacionadas con el procedimiento (falta de citaci\u00f3n o audiencia); aspectos formales de la resoluci\u00f3n arbitral (incongruencia) o vulneraci\u00f3n de derechos fundamentales o del principio de norma m\u00ednima.<\/p>\n<p style=\"text-align: justify;\">En el plazo de siete d\u00edas h\u00e1biles a contar desde la notificaci\u00f3n del laudo, cualquiera de las partes podr\u00e1 solicitar del \u00e1rbitro, la aclaraci\u00f3n de alguno de los puntos de aqu\u00e9l, que tendr\u00e1 que facilitarse en el plazo m\u00e1ximo de 10 d\u00edas h\u00e1biles.<\/p>\n<p style=\"text-align: justify;\">\n<p style=\"text-align: justify;\">El tr\u00e1mite de aclaraci\u00f3n faculta a cualquiera de las partes a solicitar del \u00e1rbitro, \u00fanica y exclusivamente, la adecuada matizaci\u00f3n o esclarecimiento de alguno de los puntos contenidos en el laudo, sin que, en ning\u00fan caso, tal facultad pueda ser utilizada para rebatir los posicionamientos reflejados en la resoluci\u00f3n arbitral.<\/p>\n<p style=\"text-align: justify;\">\n<table width=\"652\" border=\"0\" cellspacing=\"0\" cellpadding=\"0\">\n<tbody>\n<tr>\n<td valign=\"top\" width=\"321\">&nbsp;<\/p>\n<p>&nbsp;<\/p>\n<p>&nbsp;<\/p>\n<p>&nbsp;<\/p>\n<p>&nbsp;<\/p>\n<p>&nbsp;<\/p>\n<p>&nbsp;<\/p>\n<p>&nbsp;<\/p>\n<p>&nbsp;<\/td>\n<td valign=\"top\" width=\"331\">&nbsp;<\/td>\n<\/tr>\n<tr>\n<td width=\"321\">\n<p align=\"center\">Rafael Mart\u00ednez Romero<\/p>\n<\/td>\n<td width=\"331\">\n<p align=\"center\">Carme Simarro i L\u00f3pez<\/p>\n<\/td>\n<\/tr>\n<tr>\n<td width=\"321\">\n<p align=\"center\">\n<p align=\"center\">\n<p align=\"center\">\n<p align=\"center\">\n<p align=\"center\">\n<p align=\"center\">\n<\/td>\n<td width=\"331\">\n<p align=\"center\">\n<\/td>\n<\/tr>\n<tr>\n<td width=\"321\">\n<p align=\"center\">Antonio Mart\u00ednez del Hoyo Clemente<\/p>\n<\/td>\n<td width=\"331\">\n<p align=\"center\">Ram\u00f3n M. De la Mora y de Planell<\/p>\n<\/td>\n<\/tr>\n<\/tbody>\n<\/table>\n<p style=\"text-align: justify;\">\n","protected":false},"excerpt":{"rendered":"<p>\u00a0LAUDO ARBITRAL DICTADO POR LA DELEGACI\u00d3N DE BARCELONA DEL TRIBUNAL LABORAL DE CATALUNYA, COMPUESTA POR LOS SIGUIENTES MIEMBROS: SR. RAFAEL MART\u00cdNEZ ROMERO, PRESIDENTE Y SRA. CARME SIMARRO I L\u00d3PEZ; SR. RAM\u00d3N M. DE LA MORA Y DE PLANELL Y SR. ANTONIO MART\u00cdNEZ DEL HOYO, VOCALES EN EL EXPEDIENTE ARBITRAL PAB 344\/2010 \u2013ASA , EL D\u00cdA&hellip;<\/p>\n","protected":false},"author":2,"featured_media":0,"comment_status":"closed","ping_status":"closed","sticky":false,"template":"","format":"standard","meta":{"footnotes":""},"categories":[560,650,679],"tags":[],"class_list":["post-10056","post","type-post","status-publish","format-standard","hentry","category-2010-es","category-metodos-y-tiempos","category-produccion-a-actividad-normal","category-560","category-650","category-679","description-off"],"_links":{"self":[{"href":"https:\/\/www.tribulab.cat\/es\/wp-json\/wp\/v2\/posts\/10056","targetHints":{"allow":["GET"]}}],"collection":[{"href":"https:\/\/www.tribulab.cat\/es\/wp-json\/wp\/v2\/posts"}],"about":[{"href":"https:\/\/www.tribulab.cat\/es\/wp-json\/wp\/v2\/types\/post"}],"author":[{"embeddable":true,"href":"https:\/\/www.tribulab.cat\/es\/wp-json\/wp\/v2\/users\/2"}],"replies":[{"embeddable":true,"href":"https:\/\/www.tribulab.cat\/es\/wp-json\/wp\/v2\/comments?post=10056"}],"version-history":[{"count":0,"href":"https:\/\/www.tribulab.cat\/es\/wp-json\/wp\/v2\/posts\/10056\/revisions"}],"wp:attachment":[{"href":"https:\/\/www.tribulab.cat\/es\/wp-json\/wp\/v2\/media?parent=10056"}],"wp:term":[{"taxonomy":"category","embeddable":true,"href":"https:\/\/www.tribulab.cat\/es\/wp-json\/wp\/v2\/categories?post=10056"},{"taxonomy":"post_tag","embeddable":true,"href":"https:\/\/www.tribulab.cat\/es\/wp-json\/wp\/v2\/tags?post=10056"}],"curies":[{"name":"wp","href":"https:\/\/api.w.org\/{rel}","templated":true}]}}